{"id":9,"date":"2015-06-05T09:28:39","date_gmt":"2015-06-05T09:28:39","guid":{"rendered":"http:\/\/blogs.gresille.org\/auclairduquartier\/?p=9"},"modified":"2015-12-30T23:52:05","modified_gmt":"2015-12-30T23:52:05","slug":"premiere-publication-apres-bientot-4-ans","status":"publish","type":"post","link":"https:\/\/blogs.gresille.org\/auclairduquartier\/premiere-publication-apres-bientot-4-ans\/","title":{"rendered":"Naissance du blog"},"content":{"rendered":"<p>Voil\u00e0 d\u00e9j\u00e0 plus de <strong>4 ans<\/strong> que nous travaillons dur pour que sorte de terre notre <strong>habitat partag\u00e9.<\/strong>\u00a0Bien que le terrain ne nous appartienne pas encore et que\u00a0les travaux\u00a0n&rsquo;aient toujours pas commenc\u00e9, nous avons espoir que notre projet se r\u00e9alise !<\/p>\n<p>En attendant le feu vert de la banque et pour nous occuper pendant cette pause forc\u00e9e, voici le <strong>premier post de notre blog<\/strong> \u00ab\u00a0Au clair du quartier\u00a0\u00bb.<\/p>\n<p>D&rsquo;ici l\u00e0\u00a0vous pouvez visionner d&rsquo;autres articles\u00a0qui pr\u00e9sentent notre projet et expliquent comment nous en sommes\u00a0arriv\u00e9s l\u00e0&#8230;<\/p>\n<p>Voici quelques photos du terrain et notamment des images de notre\u00a0<strong>cabanon<\/strong> au fond du jardin fra\u00eechement r\u00e9nov\u00e9. \u00a0L&rsquo;objectif \u00e9tant de pr\u00e9parer un espace qui servira de <strong>cabane de chantier<\/strong> pour les ouvriers pendant la dur\u00e9e des travaux.<\/p>\n<div id='gallery-1' class='gallery galleryid-9 gallery-columns-2 gallery-size-thumbnail'><figure class='gallery-item'>\n\t\t\t<div class='gallery-icon landscape'>\n\t\t\t\t<a href='https:\/\/blogs.gresille.org\/auclairduquartier\/wp-content\/uploads\/sites\/3\/2015\/06\/cabanon1.jpg'><img loading=\"lazy\" decoding=\"async\" width=\"150\" height=\"150\" src=\"https:\/\/blogs.gresille.org\/auclairduquartier\/wp-content\/uploads\/sites\/3\/2015\/06\/cabanon1-150x150.jpg\" class=\"attachment-thumbnail size-thumbnail\" alt=\"\" \/><\/a>\n\t\t\t<\/div><\/figure><figure class='gallery-item'>\n\t\t\t<div class='gallery-icon landscape'>\n\t\t\t\t<a href='https:\/\/blogs.gresille.org\/auclairduquartier\/wp-content\/uploads\/sites\/3\/2015\/06\/IMG_20150131_173429.jpg'><img loading=\"lazy\" decoding=\"async\" width=\"150\" height=\"150\" src=\"https:\/\/blogs.gresille.org\/auclairduquartier\/wp-content\/uploads\/sites\/3\/2015\/06\/IMG_20150131_173429-150x150.jpg\" class=\"attachment-thumbnail size-thumbnail\" alt=\"\" aria-describedby=\"gallery-1-65\" \/><\/a>\n\t\t\t<\/div>\n\t\t\t\t<figcaption class='wp-caption-text gallery-caption' id='gallery-1-65'>\n\t\t\t\tC&rsquo;est propre !!!\n\t\t\t\t<\/figcaption><\/figure>\n\t\t<\/div>\n\n","protected":false},"excerpt":{"rendered":"<p>Voil\u00e0 d\u00e9j\u00e0 plus de 4 ans que nous travaillons dur pour que sorte de terre notre habitat partag\u00e9.\u00a0Bien que le terrain ne nous appartienne pas encore et que\u00a0les travaux\u00a0n&rsquo;aient toujours pas commenc\u00e9, nous avons espoir que notre projet se r\u00e9alise ! En attendant le feu vert de la banque et pour nous occuper pendant cette &hellip; <a href=\"https:\/\/blogs.gresille.org\/auclairduquartier\/premiere-publication-apres-bientot-4-ans\/\" class=\"more-link\">Continuer la lecture de <span class=\"screen-reader-text\">Naissance du blog<\/span>  <span class=\"meta-nav\">&rarr;<\/span><\/a><\/p>\n","protected":false},"author":3,"featured_media":0,"comment_status":"open","ping_status":"open","sticky":false,"template":"","format":"standard","meta":{"footnotes":""},"categories":[2],"tags":[26],"class_list":["post-9","post","type-post","status-publish","format-standard","hentry","category-les-nouvelles-du-projet","tag-blog"],"_links":{"self":[{"href":"https:\/\/blogs.gresille.org\/auclairduquartier\/wp-json\/wp\/v2\/posts\/9","targetHints":{"allow":["GET"]}}],"collection":[{"href":"https:\/\/blogs.gresille.org\/auclairduquartier\/wp-json\/wp\/v2\/posts"}],"about":[{"href":"https:\/\/blogs.gresille.org\/auclairduquartier\/wp-json\/wp\/v2\/types\/post"}],"author":[{"embeddable":true,"href":"https:\/\/blogs.gresille.org\/auclairduquartier\/wp-json\/wp\/v2\/users\/3"}],"replies":[{"embeddable":true,"href":"https:\/\/blogs.gresille.org\/auclairduquartier\/wp-json\/wp\/v2\/comments?post=9"}],"version-history":[{"count":12,"href":"https:\/\/blogs.gresille.org\/auclairduquartier\/wp-json\/wp\/v2\/posts\/9\/revisions"}],"predecessor-version":[{"id":303,"href":"https:\/\/blogs.gresille.org\/auclairduquartier\/wp-json\/wp\/v2\/posts\/9\/revisions\/303"}],"wp:attachment":[{"href":"https:\/\/blogs.gresille.org\/auclairduquartier\/wp-json\/wp\/v2\/media?parent=9"}],"wp:term":[{"taxonomy":"category","embeddable":true,"href":"https:\/\/blogs.gresille.org\/auclairduquartier\/wp-json\/wp\/v2\/categories?post=9"},{"taxonomy":"post_tag","embeddable":true,"href":"https:\/\/blogs.gresille.org\/auclairduquartier\/wp-json\/wp\/v2\/tags?post=9"}],"curies":[{"name":"wp","href":"https:\/\/api.w.org\/{rel}","templated":true}]}}