{"id":791,"date":"2016-09-12T20:57:15","date_gmt":"2016-09-12T20:57:15","guid":{"rendered":"https:\/\/blogs.gresille.org\/auclairduquartier\/?p=791"},"modified":"2016-09-14T13:24:13","modified_gmt":"2016-09-14T13:24:13","slug":"les-fenetres-sont-posees","status":"publish","type":"post","link":"https:\/\/blogs.gresille.org\/auclairduquartier\/les-fenetres-sont-posees\/","title":{"rendered":"Les fen\u00eatres sont pos\u00e9es&#8230;"},"content":{"rendered":"<p>En ces temps de rentr\u00e9e scolaire, le soleil tape encore fort et les pluies sont rares. Les compagnons s&rsquo;activent sur le chantier et parfois plus de 10 personnes en m\u00eame temps vissent, coupent, posent, scotchent, clouent, collent&#8230;<\/p>\n<p><a href=\"https:\/\/blogs.gresille.org\/auclairduquartier\/wp-content\/uploads\/sites\/3\/2016\/09\/DSC05203.jpg\" rel=\"attachment wp-att-798\"><img loading=\"lazy\" decoding=\"async\" class=\"alignnone wp-image-798\" src=\"https:\/\/blogs.gresille.org\/auclairduquartier\/wp-content\/uploads\/sites\/3\/2016\/09\/DSC05203-300x200.jpg\" alt=\"dsc05203\" width=\"462\" height=\"330\" \/><\/a><\/p>\n<p>L&rsquo;\u00e9quipe des charpentiers (casque jaune) continue d&rsquo;envelopper le b\u00e2timent dans un \u00e9cran pare-pluie noir litel\u00e9 et contre-litel\u00e9 de bois, en attente des bacs aciers du couvreur.<\/p>\n<p><a href=\"https:\/\/blogs.gresille.org\/auclairduquartier\/wp-content\/uploads\/sites\/3\/2016\/09\/DSC05308.jpg\" rel=\"attachment wp-att-808\"><img loading=\"lazy\" decoding=\"async\" class=\"alignnone wp-image-808\" src=\"https:\/\/blogs.gresille.org\/auclairduquartier\/wp-content\/uploads\/sites\/3\/2016\/09\/DSC05308-300x200.jpg\" alt=\"dsc05308\" width=\"464\" height=\"319\" \/><\/a><\/p>\n<p>Les couvreurs (casque blanc) r\u00e9alisent quant \u00e0 eux les encadrements de fen\u00eatres, les appuis, les larmiers et autres pi\u00e8ces d&rsquo;\u00e9tanch\u00e9it\u00e9. Tout cela avant de s&rsquo;attaquer \u00e0 la pose du bac acier \u00ab\u00a0en partie courante\u00a0\u00bb.<\/p>\n<p><a href=\"https:\/\/blogs.gresille.org\/auclairduquartier\/wp-content\/uploads\/sites\/3\/2016\/09\/DSC05309.jpg\" rel=\"attachment wp-att-809\"><img loading=\"lazy\" decoding=\"async\" class=\"alignnone wp-image-809\" src=\"https:\/\/blogs.gresille.org\/auclairduquartier\/wp-content\/uploads\/sites\/3\/2016\/09\/DSC05309-300x200.jpg\" alt=\"dsc05309\" width=\"458\" height=\"316\" \/><\/a><\/p>\n<p>Les menuisiers, pendant ce temps, posent leurs fen\u00eatres, les unes apr\u00e8s les autres, irr\u00e9sistiblement, tandis que les velux sont l&rsquo;affaire des couvreurs. Apr\u00e8s le hors d&rsquo;eau, le hors d&rsquo;air !<\/p>\n<p><a href=\"https:\/\/blogs.gresille.org\/auclairduquartier\/wp-content\/uploads\/sites\/3\/2016\/09\/DSC05204.jpg\" rel=\"attachment wp-att-799\"><img loading=\"lazy\" decoding=\"async\" class=\"alignnone wp-image-799\" src=\"https:\/\/blogs.gresille.org\/auclairduquartier\/wp-content\/uploads\/sites\/3\/2016\/09\/DSC05204-300x200.jpg\" alt=\"dsc05204\" width=\"457\" height=\"309\" \/><\/a><\/p>\n<p>Les poteaux m\u00e9talliques sont \u00ab\u00a0floqu\u00e9s\u00a0\u00bb afin de\u00a0r\u00e9sister au feu \u00a0et l&rsquo;\u00e9tancheur a fait livrer sa marchandise en attendant que les \u00e9chafaudages soient d\u00e9pos\u00e9s.<\/p>\n<p><a href=\"https:\/\/blogs.gresille.org\/auclairduquartier\/wp-content\/uploads\/sites\/3\/2016\/09\/DSC05261.jpg\" rel=\"attachment wp-att-804\"><img loading=\"lazy\" decoding=\"async\" class=\"alignnone wp-image-804\" src=\"https:\/\/blogs.gresille.org\/auclairduquartier\/wp-content\/uploads\/sites\/3\/2016\/09\/DSC05261-300x200.jpg\" alt=\"dsc05261\" width=\"453\" height=\"299\" \/><\/a><\/p>\n<p>Le chantier avance \u00e0 toute allure !<\/p>\n<p><a href=\"https:\/\/blogs.gresille.org\/auclairduquartier\/wp-content\/uploads\/sites\/3\/2016\/09\/DSC05304.jpg\" rel=\"attachment wp-att-807\"><img loading=\"lazy\" decoding=\"async\" class=\"alignnone wp-image-807\" src=\"https:\/\/blogs.gresille.org\/auclairduquartier\/wp-content\/uploads\/sites\/3\/2016\/09\/DSC05304-300x200.jpg\" alt=\"dsc05304\" width=\"452\" height=\"306\" \/><\/a><\/p>\n","protected":false},"excerpt":{"rendered":"<p>En ces temps de rentr\u00e9e scolaire, le soleil tape encore fort et les pluies sont rares. Les compagnons s&rsquo;activent sur le chantier et parfois plus de 10 personnes en m\u00eame temps vissent, coupent, posent, scotchent, clouent, collent&#8230; L&rsquo;\u00e9quipe des charpentiers (casque jaune) continue d&rsquo;envelopper le b\u00e2timent dans un \u00e9cran pare-pluie noir litel\u00e9 et contre-litel\u00e9 de &hellip; <a href=\"https:\/\/blogs.gresille.org\/auclairduquartier\/les-fenetres-sont-posees\/\" class=\"more-link\">Continuer la lecture de <span class=\"screen-reader-text\">Les fen\u00eatres sont pos\u00e9es&#8230;<\/span>  <span class=\"meta-nav\">&rarr;<\/span><\/a><\/p>\n","protected":false},"author":4,"featured_media":806,"comment_status":"open","ping_status":"open","sticky":false,"template":"","format":"standard","meta":{"footnotes":""},"categories":[29,28,2],"tags":[119,102,116,117,120,113,121,118,114,122,115,109],"class_list":["post-791","post","type-post","status-publish","format-standard","has-post-thumbnail","hentry","category-architecture","category-chantier","category-les-nouvelles-du-projet","tag-appuis","tag-bois","tag-charpentiers","tag-couvreurs","tag-etancheite","tag-fenetres","tag-hors-dair","tag-larmiers","tag-litele","tag-menuisiers","tag-ontre-litelle","tag-pare-pluie"],"_links":{"self":[{"href":"https:\/\/blogs.gresille.org\/auclairduquartier\/wp-json\/wp\/v2\/posts\/791","targetHints":{"allow":["GET"]}}],"collection":[{"href":"https:\/\/blogs.gresille.org\/auclairduquartier\/wp-json\/wp\/v2\/posts"}],"about":[{"href":"https:\/\/blogs.gresille.org\/auclairduquartier\/wp-json\/wp\/v2\/types\/post"}],"author":[{"embeddable":true,"href":"https:\/\/blogs.gresille.org\/auclairduquartier\/wp-json\/wp\/v2\/users\/4"}],"replies":[{"embeddable":true,"href":"https:\/\/blogs.gresille.org\/auclairduquartier\/wp-json\/wp\/v2\/comments?post=791"}],"version-history":[{"count":7,"href":"https:\/\/blogs.gresille.org\/auclairduquartier\/wp-json\/wp\/v2\/posts\/791\/revisions"}],"predecessor-version":[{"id":819,"href":"https:\/\/blogs.gresille.org\/auclairduquartier\/wp-json\/wp\/v2\/posts\/791\/revisions\/819"}],"wp:featuredmedia":[{"embeddable":true,"href":"https:\/\/blogs.gresille.org\/auclairduquartier\/wp-json\/wp\/v2\/media\/806"}],"wp:attachment":[{"href":"https:\/\/blogs.gresille.org\/auclairduquartier\/wp-json\/wp\/v2\/media?parent=791"}],"wp:term":[{"taxonomy":"category","embeddable":true,"href":"https:\/\/blogs.gresille.org\/auclairduquartier\/wp-json\/wp\/v2\/categories?post=791"},{"taxonomy":"post_tag","embeddable":true,"href":"https:\/\/blogs.gresille.org\/auclairduquartier\/wp-json\/wp\/v2\/tags?post=791"}],"curies":[{"name":"wp","href":"https:\/\/api.w.org\/{rel}","templated":true}]}}