{"id":622,"date":"2016-05-30T22:53:57","date_gmt":"2016-05-30T22:53:57","guid":{"rendered":"https:\/\/blogs.gresille.org\/auclairduquartier\/?p=622"},"modified":"2016-06-02T07:04:57","modified_gmt":"2016-06-02T07:04:57","slug":"ferraillage-sensible","status":"publish","type":"post","link":"https:\/\/blogs.gresille.org\/auclairduquartier\/ferraillage-sensible\/","title":{"rendered":"Ferraillage sensible"},"content":{"rendered":"<p><a href=\"https:\/\/blogs.gresille.org\/auclairduquartier\/wp-content\/uploads\/sites\/3\/2016\/05\/DSC01411.jpg\" rel=\"attachment wp-att-635\"><img loading=\"lazy\" decoding=\"async\" class=\" wp-image-635 alignright\" src=\"https:\/\/blogs.gresille.org\/auclairduquartier\/wp-content\/uploads\/sites\/3\/2016\/05\/DSC01411-300x200.jpg\" alt=\"DSC01411\" width=\"348\" height=\"235\" \/><\/a>Avant coulage de la dalle, il faut v\u00e9rifier chaque fer,<\/p>\n<p><a href=\"https:\/\/blogs.gresille.org\/auclairduquartier\/wp-content\/uploads\/sites\/3\/2016\/05\/DSC01412.jpg\" rel=\"attachment wp-att-636\"><img loading=\"lazy\" decoding=\"async\" class=\" wp-image-636 alignright\" src=\"https:\/\/blogs.gresille.org\/auclairduquartier\/wp-content\/uploads\/sites\/3\/2016\/05\/DSC01412-300x200.jpg\" alt=\"DSC01412\" width=\"348\" height=\"232\" srcset=\"https:\/\/blogs.gresille.org\/auclairduquartier\/wp-content\/uploads\/sites\/3\/2016\/05\/DSC01412-300x200.jpg 300w, https:\/\/blogs.gresille.org\/auclairduquartier\/wp-content\/uploads\/sites\/3\/2016\/05\/DSC01412-768x512.jpg 768w, https:\/\/blogs.gresille.org\/auclairduquartier\/wp-content\/uploads\/sites\/3\/2016\/05\/DSC01412-1024x682.jpg 1024w, https:\/\/blogs.gresille.org\/auclairduquartier\/wp-content\/uploads\/sites\/3\/2016\/05\/DSC01412-600x400.jpg 600w, https:\/\/blogs.gresille.org\/auclairduquartier\/wp-content\/uploads\/sites\/3\/2016\/05\/DSC01412.jpg 1280w\" sizes=\"auto, (max-width: 348px) 100vw, 348px\" \/><\/a>chaque fourreau,<\/p>\n<p>chaque gaine,<\/p>\n<p>positionner les \u00ab\u00a0bo\u00eetes \u00e9lectriques\u00a0\u00bb qui sont \u00ab\u00a0incorpor\u00e9es\u00a0\u00bb dans le b\u00e9ton&#8230;<\/p>\n<p><a href=\"https:\/\/blogs.gresille.org\/auclairduquartier\/wp-content\/uploads\/sites\/3\/2016\/05\/DSC01401.jpg\" rel=\"attachment wp-att-626\"><img loading=\"lazy\" decoding=\"async\" class=\" wp-image-626 alignright\" src=\"https:\/\/blogs.gresille.org\/auclairduquartier\/wp-content\/uploads\/sites\/3\/2016\/05\/DSC01401-300x200.jpg\" alt=\"DSC01401\" width=\"349\" height=\"232\" srcset=\"https:\/\/blogs.gresille.org\/auclairduquartier\/wp-content\/uploads\/sites\/3\/2016\/05\/DSC01401-300x200.jpg 300w, https:\/\/blogs.gresille.org\/auclairduquartier\/wp-content\/uploads\/sites\/3\/2016\/05\/DSC01401-768x512.jpg 768w, https:\/\/blogs.gresille.org\/auclairduquartier\/wp-content\/uploads\/sites\/3\/2016\/05\/DSC01401-1024x682.jpg 1024w, https:\/\/blogs.gresille.org\/auclairduquartier\/wp-content\/uploads\/sites\/3\/2016\/05\/DSC01401-600x400.jpg 600w, https:\/\/blogs.gresille.org\/auclairduquartier\/wp-content\/uploads\/sites\/3\/2016\/05\/DSC01401.jpg 1280w\" sizes=\"auto, (max-width: 349px) 100vw, 349px\" \/><\/a><\/p>\n<p>&nbsp;<\/p>\n<p>&nbsp;<\/p>\n<p>Une vraie carte sensible de la dalle est lisible, puis dispara\u00eet le jour \u00ab\u00a0J\u00a0\u00bb de la toupie&#8230; ce jargon vous parle-t-il ?<\/p>\n<p>&#8230;&#8230;&#8230;&#8230;&#8230;&#8230;&#8230;&#8230;&#8230;&#8230;&#8230;<\/p>\n<p><a href=\"https:\/\/blogs.gresille.org\/auclairduquartier\/wp-content\/uploads\/sites\/3\/2016\/05\/DSC01418.jpg\" rel=\"attachment wp-att-638\"><img loading=\"lazy\" decoding=\"async\" class=\" wp-image-638 alignright\" src=\"https:\/\/blogs.gresille.org\/auclairduquartier\/wp-content\/uploads\/sites\/3\/2016\/05\/DSC01418-300x200.jpg\" alt=\"DSC01418\" width=\"349\" height=\"232\" srcset=\"https:\/\/blogs.gresille.org\/auclairduquartier\/wp-content\/uploads\/sites\/3\/2016\/05\/DSC01418-300x200.jpg 300w, https:\/\/blogs.gresille.org\/auclairduquartier\/wp-content\/uploads\/sites\/3\/2016\/05\/DSC01418-768x512.jpg 768w, https:\/\/blogs.gresille.org\/auclairduquartier\/wp-content\/uploads\/sites\/3\/2016\/05\/DSC01418-1024x682.jpg 1024w, https:\/\/blogs.gresille.org\/auclairduquartier\/wp-content\/uploads\/sites\/3\/2016\/05\/DSC01418-600x400.jpg 600w, https:\/\/blogs.gresille.org\/auclairduquartier\/wp-content\/uploads\/sites\/3\/2016\/05\/DSC01418.jpg 1280w\" sizes=\"auto, (max-width: 349px) 100vw, 349px\" \/><\/a>En-dessous, on peut appr\u00e9hender le volume de l&rsquo;appartement de G\u00e9raldine et Coline. <a href=\"https:\/\/blogs.gresille.org\/auclairduquartier\/wp-content\/uploads\/sites\/3\/2016\/05\/DSC01408.jpg\" rel=\"attachment wp-att-632\"><img loading=\"lazy\" decoding=\"async\" class=\" wp-image-632 alignright\" src=\"https:\/\/blogs.gresille.org\/auclairduquartier\/wp-content\/uploads\/sites\/3\/2016\/05\/DSC01408-300x200.jpg\" alt=\"DSC01408\" width=\"353\" height=\"233\" \/><\/a>Au-dessus, on peut voir les premi\u00e8res \u00ab\u00a0bretelles tordues\u00a0\u00bb qui constitueront la fa\u00e7ade de l&rsquo;appartement d&rsquo;Ana\u00efs, Etienne et Samuel&#8230; Merci Lionel de donner l&rsquo;\u00e9chelle des bretelles !<\/p>\n","protected":false},"excerpt":{"rendered":"<p>Avant coulage de la dalle, il faut v\u00e9rifier chaque fer, chaque fourreau, chaque gaine, positionner les \u00ab\u00a0bo\u00eetes \u00e9lectriques\u00a0\u00bb qui sont \u00ab\u00a0incorpor\u00e9es\u00a0\u00bb dans le b\u00e9ton&#8230; &nbsp; &nbsp; Une vraie carte sensible de la dalle est lisible, puis dispara\u00eet le jour \u00ab\u00a0J\u00a0\u00bb de la toupie&#8230; ce jargon vous parle-t-il ? &#8230;&#8230;&#8230;&#8230;&#8230;&#8230;&#8230;&#8230;&#8230;&#8230;&#8230; En-dessous, on peut appr\u00e9hender le volume &hellip; <a href=\"https:\/\/blogs.gresille.org\/auclairduquartier\/ferraillage-sensible\/\" class=\"more-link\">Continuer la lecture de <span class=\"screen-reader-text\">Ferraillage sensible<\/span>  <span class=\"meta-nav\">&rarr;<\/span><\/a><\/p>\n","protected":false},"author":4,"featured_media":633,"comment_status":"open","ping_status":"open","sticky":false,"template":"","format":"standard","meta":{"footnotes":""},"categories":[29,28,2],"tags":[57,84,85,69,81,82,83],"class_list":["post-622","post","type-post","status-publish","format-standard","has-post-thumbnail","hentry","category-architecture","category-chantier","category-les-nouvelles-du-projet","tag-beton","tag-boite-electrique","tag-bretelles","tag-dalle","tag-ferraillage","tag-fourreau","tag-gaine"],"_links":{"self":[{"href":"https:\/\/blogs.gresille.org\/auclairduquartier\/wp-json\/wp\/v2\/posts\/622","targetHints":{"allow":["GET"]}}],"collection":[{"href":"https:\/\/blogs.gresille.org\/auclairduquartier\/wp-json\/wp\/v2\/posts"}],"about":[{"href":"https:\/\/blogs.gresille.org\/auclairduquartier\/wp-json\/wp\/v2\/types\/post"}],"author":[{"embeddable":true,"href":"https:\/\/blogs.gresille.org\/auclairduquartier\/wp-json\/wp\/v2\/users\/4"}],"replies":[{"embeddable":true,"href":"https:\/\/blogs.gresille.org\/auclairduquartier\/wp-json\/wp\/v2\/comments?post=622"}],"version-history":[{"count":6,"href":"https:\/\/blogs.gresille.org\/auclairduquartier\/wp-json\/wp\/v2\/posts\/622\/revisions"}],"predecessor-version":[{"id":657,"href":"https:\/\/blogs.gresille.org\/auclairduquartier\/wp-json\/wp\/v2\/posts\/622\/revisions\/657"}],"wp:featuredmedia":[{"embeddable":true,"href":"https:\/\/blogs.gresille.org\/auclairduquartier\/wp-json\/wp\/v2\/media\/633"}],"wp:attachment":[{"href":"https:\/\/blogs.gresille.org\/auclairduquartier\/wp-json\/wp\/v2\/media?parent=622"}],"wp:term":[{"taxonomy":"category","embeddable":true,"href":"https:\/\/blogs.gresille.org\/auclairduquartier\/wp-json\/wp\/v2\/categories?post=622"},{"taxonomy":"post_tag","embeddable":true,"href":"https:\/\/blogs.gresille.org\/auclairduquartier\/wp-json\/wp\/v2\/tags?post=622"}],"curies":[{"name":"wp","href":"https:\/\/api.w.org\/{rel}","templated":true}]}}