{"id":540,"date":"2016-04-04T20:02:47","date_gmt":"2016-04-04T20:02:47","guid":{"rendered":"https:\/\/blogs.gresille.org\/auclairduquartier\/?p=540"},"modified":"2016-04-09T13:57:55","modified_gmt":"2016-04-09T13:57:55","slug":"le-bon-sol","status":"publish","type":"post","link":"https:\/\/blogs.gresille.org\/auclairduquartier\/le-bon-sol\/","title":{"rendered":"Le bon sol"},"content":{"rendered":"<p>Aujourd&rsquo;hui nous avons pu voir les remblais de sol bien \u00ab\u00a0compact\u00e9s\u00a0\u00bb, les joints entre pr\u00e9-murs nettoy\u00e9s \u00e0 l&rsquo;avancement,<a href=\"https:\/\/blogs.gresille.org\/auclairduquartier\/wp-content\/uploads\/sites\/3\/2016\/04\/DSC00778.jpg\" rel=\"attachment wp-att-544\"><img loading=\"lazy\" decoding=\"async\" class=\"alignnone wp-image-544\" src=\"https:\/\/blogs.gresille.org\/auclairduquartier\/wp-content\/uploads\/sites\/3\/2016\/04\/DSC00778-300x200.jpg\" alt=\"DSC00778\" width=\"471\" height=\"327\" \/><\/a><\/p>\n<p>le dallage sous les box coffr\u00e9s pr\u00eat \u00e0 \u00eatre coul\u00e9<\/p>\n<p><a href=\"https:\/\/blogs.gresille.org\/auclairduquartier\/wp-content\/uploads\/sites\/3\/2016\/04\/DSC00784.jpg\" rel=\"attachment wp-att-550\"><img loading=\"lazy\" decoding=\"async\" class=\"alignnone wp-image-550\" src=\"https:\/\/blogs.gresille.org\/auclairduquartier\/wp-content\/uploads\/sites\/3\/2016\/04\/DSC00784-300x200.jpg\" alt=\"DSC00784\" width=\"471\" height=\"314\" srcset=\"https:\/\/blogs.gresille.org\/auclairduquartier\/wp-content\/uploads\/sites\/3\/2016\/04\/DSC00784-300x200.jpg 300w, https:\/\/blogs.gresille.org\/auclairduquartier\/wp-content\/uploads\/sites\/3\/2016\/04\/DSC00784-768x512.jpg 768w, https:\/\/blogs.gresille.org\/auclairduquartier\/wp-content\/uploads\/sites\/3\/2016\/04\/DSC00784.jpg 1024w, https:\/\/blogs.gresille.org\/auclairduquartier\/wp-content\/uploads\/sites\/3\/2016\/04\/DSC00784-600x400.jpg 600w\" sizes=\"auto, (max-width: 471px) 100vw, 471px\" \/><\/a><\/p>\n<p>et les escaliers bien pos\u00e9s sur leurs 3 marches coul\u00e9es en place (la derni\u00e8re fois ils ne l&rsquo;\u00e9taient pas!),<a href=\"https:\/\/blogs.gresille.org\/auclairduquartier\/wp-content\/uploads\/sites\/3\/2016\/04\/DSC00783.jpg\" rel=\"attachment wp-att-549\"><img loading=\"lazy\" decoding=\"async\" class=\"wp-image-549 alignright\" src=\"https:\/\/blogs.gresille.org\/auclairduquartier\/wp-content\/uploads\/sites\/3\/2016\/04\/DSC00783-e1459798966981-200x300.jpg\" alt=\"DSC00783\" width=\"248\" height=\"372\" srcset=\"https:\/\/blogs.gresille.org\/auclairduquartier\/wp-content\/uploads\/sites\/3\/2016\/04\/DSC00783-e1459798966981-200x300.jpg 200w, https:\/\/blogs.gresille.org\/auclairduquartier\/wp-content\/uploads\/sites\/3\/2016\/04\/DSC00783-e1459798966981.jpg 683w, https:\/\/blogs.gresille.org\/auclairduquartier\/wp-content\/uploads\/sites\/3\/2016\/04\/DSC00783-e1459798966981-600x900.jpg 600w\" sizes=\"auto, (max-width: 248px) 100vw, 248px\" \/><\/a><\/p>\n<p>&nbsp;<\/p>\n<p>&nbsp;<\/p>\n<p>&nbsp;<\/p>\n<p>&nbsp;<\/p>\n<p>&nbsp;<\/p>\n<p>tandis que l&rsquo;ouvrage \u00ab\u00a0sous-terrain\u00a0\u00bb de r\u00e9tention d&rsquo;eaux pluviales a \u00e9t\u00e9 creus\u00e9 et sera referm\u00e9 demain.<\/p>\n<p><a href=\"https:\/\/blogs.gresille.org\/auclairduquartier\/wp-content\/uploads\/sites\/3\/2016\/04\/DSC00782.jpg\" rel=\"attachment wp-att-548\"><img loading=\"lazy\" decoding=\"async\" class=\"alignnone wp-image-548\" src=\"https:\/\/blogs.gresille.org\/auclairduquartier\/wp-content\/uploads\/sites\/3\/2016\/04\/DSC00782-300x200.jpg\" alt=\"DSC00782\" width=\"473\" height=\"282\" \/><\/a><\/p>\n<p>Nous apprenons que Franck, le chef ma\u00e7on va passer la main \u00e0 Patrick. Merci Franck et bienvenue \u00e0 Patrick !<\/p>\n<p>Les \u00e9tais et les panneaux de bois bakelis\u00e9s arriveront prochainement pour coffrer la dalle haute du N0 (ou la dalle basse du N1).<\/p>\n<p><a href=\"https:\/\/blogs.gresille.org\/auclairduquartier\/wp-content\/uploads\/sites\/3\/2016\/04\/DSC00785.jpg\" rel=\"attachment wp-att-543\"><img loading=\"lazy\" decoding=\"async\" class=\"alignnone wp-image-543\" src=\"https:\/\/blogs.gresille.org\/auclairduquartier\/wp-content\/uploads\/sites\/3\/2016\/04\/DSC00785-300x200.jpg\" alt=\"DSC00785\" width=\"474\" height=\"291\" \/><\/a><br \/>\nNous avons discut\u00e9 avec Florian (l&rsquo;architecte) et John (le charpentier) des derni\u00e8res \u00e9volutions des fen\u00eatres et \u00e9voqu\u00e9 le souci du c\u00e2ble d&rsquo;\u00e9clairage public qui g\u00eane fortement la grue et les futurs \u00e9chafaudages. Nous allons essayer d&rsquo;enfouir le c\u00e2ble sous le trottoir !<\/p>\n","protected":false},"excerpt":{"rendered":"<p>Aujourd&rsquo;hui nous avons pu voir les remblais de sol bien \u00ab\u00a0compact\u00e9s\u00a0\u00bb, les joints entre pr\u00e9-murs nettoy\u00e9s \u00e0 l&rsquo;avancement, le dallage sous les box coffr\u00e9s pr\u00eat \u00e0 \u00eatre coul\u00e9 et les escaliers bien pos\u00e9s sur leurs 3 marches coul\u00e9es en place (la derni\u00e8re fois ils ne l&rsquo;\u00e9taient pas!), &nbsp; &nbsp; &nbsp; &nbsp; &nbsp; tandis que l&rsquo;ouvrage &hellip; <a href=\"https:\/\/blogs.gresille.org\/auclairduquartier\/le-bon-sol\/\" class=\"more-link\">Continuer la lecture de <span class=\"screen-reader-text\">Le bon sol<\/span>  <span class=\"meta-nav\">&rarr;<\/span><\/a><\/p>\n","protected":false},"author":4,"featured_media":545,"comment_status":"open","ping_status":"open","sticky":false,"template":"","format":"standard","meta":{"footnotes":""},"categories":[29,28,2],"tags":[66,70,67,63,69,65,56,68,64],"class_list":["post-540","post","type-post","status-publish","format-standard","has-post-thumbnail","hentry","category-architecture","category-chantier","category-les-nouvelles-du-projet","tag-box","tag-cable","tag-coffrage","tag-dallage","tag-dalle","tag-joints","tag-macon","tag-marches","tag-sol"],"_links":{"self":[{"href":"https:\/\/blogs.gresille.org\/auclairduquartier\/wp-json\/wp\/v2\/posts\/540","targetHints":{"allow":["GET"]}}],"collection":[{"href":"https:\/\/blogs.gresille.org\/auclairduquartier\/wp-json\/wp\/v2\/posts"}],"about":[{"href":"https:\/\/blogs.gresille.org\/auclairduquartier\/wp-json\/wp\/v2\/types\/post"}],"author":[{"embeddable":true,"href":"https:\/\/blogs.gresille.org\/auclairduquartier\/wp-json\/wp\/v2\/users\/4"}],"replies":[{"embeddable":true,"href":"https:\/\/blogs.gresille.org\/auclairduquartier\/wp-json\/wp\/v2\/comments?post=540"}],"version-history":[{"count":8,"href":"https:\/\/blogs.gresille.org\/auclairduquartier\/wp-json\/wp\/v2\/posts\/540\/revisions"}],"predecessor-version":[{"id":557,"href":"https:\/\/blogs.gresille.org\/auclairduquartier\/wp-json\/wp\/v2\/posts\/540\/revisions\/557"}],"wp:featuredmedia":[{"embeddable":true,"href":"https:\/\/blogs.gresille.org\/auclairduquartier\/wp-json\/wp\/v2\/media\/545"}],"wp:attachment":[{"href":"https:\/\/blogs.gresille.org\/auclairduquartier\/wp-json\/wp\/v2\/media?parent=540"}],"wp:term":[{"taxonomy":"category","embeddable":true,"href":"https:\/\/blogs.gresille.org\/auclairduquartier\/wp-json\/wp\/v2\/categories?post=540"},{"taxonomy":"post_tag","embeddable":true,"href":"https:\/\/blogs.gresille.org\/auclairduquartier\/wp-json\/wp\/v2\/tags?post=540"}],"curies":[{"name":"wp","href":"https:\/\/api.w.org\/{rel}","templated":true}]}}