{"id":514,"date":"2016-03-21T20:53:16","date_gmt":"2016-03-21T20:53:16","guid":{"rendered":"https:\/\/blogs.gresille.org\/auclairduquartier\/?p=514"},"modified":"2016-03-23T21:14:11","modified_gmt":"2016-03-23T21:14:11","slug":"le-rez-de-chaussee-est-debout","status":"publish","type":"post","link":"https:\/\/blogs.gresille.org\/auclairduquartier\/le-rez-de-chaussee-est-debout\/","title":{"rendered":"Le rez de chauss\u00e9e est \u00ab\u00a0debout\u00a0\u00bb"},"content":{"rendered":"<p>Aujourd&rsquo;hui r\u00e9union de chantier au soleil avec nos ma\u00e7ons et notre ma\u00eetrise d&rsquo;\u0153uvre.<a href=\"https:\/\/blogs.gresille.org\/auclairduquartier\/wp-content\/uploads\/sites\/3\/2016\/03\/IMG_2328.jpg\" rel=\"attachment wp-att-519\"><img loading=\"lazy\" decoding=\"async\" class=\"wp-image-519 alignleft\" src=\"https:\/\/blogs.gresille.org\/auclairduquartier\/wp-content\/uploads\/sites\/3\/2016\/03\/IMG_2328-300x225.jpg\" alt=\"IMG_2328\" width=\"459\" height=\"344\" srcset=\"https:\/\/blogs.gresille.org\/auclairduquartier\/wp-content\/uploads\/sites\/3\/2016\/03\/IMG_2328-300x225.jpg 300w, https:\/\/blogs.gresille.org\/auclairduquartier\/wp-content\/uploads\/sites\/3\/2016\/03\/IMG_2328-768x576.jpg 768w, https:\/\/blogs.gresille.org\/auclairduquartier\/wp-content\/uploads\/sites\/3\/2016\/03\/IMG_2328.jpg 1024w, https:\/\/blogs.gresille.org\/auclairduquartier\/wp-content\/uploads\/sites\/3\/2016\/03\/IMG_2328-600x450.jpg 600w\" sizes=\"auto, (max-width: 459px) 100vw, 459px\" \/><\/a><\/p>\n<p>Les 2 premi\u00e8res livraisons de pr\u00e9murs ont \u00e9t\u00e9 lev\u00e9es, les r\u00e9seaux sous dallages positionn\u00e9s,<\/p>\n<p><a href=\"https:\/\/blogs.gresille.org\/auclairduquartier\/wp-content\/uploads\/sites\/3\/2016\/03\/DSC00663.jpg\" rel=\"attachment wp-att-525\"><img loading=\"lazy\" decoding=\"async\" class=\"alignnone wp-image-525\" src=\"https:\/\/blogs.gresille.org\/auclairduquartier\/wp-content\/uploads\/sites\/3\/2016\/03\/DSC00663-300x200.jpg\" alt=\"DSC00663\" width=\"467\" height=\"311\" srcset=\"https:\/\/blogs.gresille.org\/auclairduquartier\/wp-content\/uploads\/sites\/3\/2016\/03\/DSC00663-300x200.jpg 300w, https:\/\/blogs.gresille.org\/auclairduquartier\/wp-content\/uploads\/sites\/3\/2016\/03\/DSC00663-768x512.jpg 768w, https:\/\/blogs.gresille.org\/auclairduquartier\/wp-content\/uploads\/sites\/3\/2016\/03\/DSC00663.jpg 1024w, https:\/\/blogs.gresille.org\/auclairduquartier\/wp-content\/uploads\/sites\/3\/2016\/03\/DSC00663-600x400.jpg 600w\" sizes=\"auto, (max-width: 467px) 100vw, 467px\" \/><\/a><\/p>\n<p>Les escaliers pr\u00e9fabriqu\u00e9s ont \u00e9t\u00e9 livr\u00e9s et une vol\u00e9e a \u00e9t\u00e9 positionn\u00e9e.<\/p>\n<p><a href=\"https:\/\/blogs.gresille.org\/auclairduquartier\/wp-content\/uploads\/sites\/3\/2016\/03\/IMG_2325.jpg\" rel=\"attachment wp-att-518\"><img loading=\"lazy\" decoding=\"async\" class=\"alignnone wp-image-518\" src=\"https:\/\/blogs.gresille.org\/auclairduquartier\/wp-content\/uploads\/sites\/3\/2016\/03\/IMG_2325-300x225.jpg\" alt=\"IMG_2325\" width=\"464\" height=\"348\" srcset=\"https:\/\/blogs.gresille.org\/auclairduquartier\/wp-content\/uploads\/sites\/3\/2016\/03\/IMG_2325-300x225.jpg 300w, https:\/\/blogs.gresille.org\/auclairduquartier\/wp-content\/uploads\/sites\/3\/2016\/03\/IMG_2325-768x576.jpg 768w, https:\/\/blogs.gresille.org\/auclairduquartier\/wp-content\/uploads\/sites\/3\/2016\/03\/IMG_2325.jpg 1024w, https:\/\/blogs.gresille.org\/auclairduquartier\/wp-content\/uploads\/sites\/3\/2016\/03\/IMG_2325-600x450.jpg 600w\" sizes=\"auto, (max-width: 464px) 100vw, 464px\" \/><\/a><br \/>\nChaque vol\u00e9e fait plus de 5 tonnes !<br \/>\nUn engin sp\u00e9cial est n\u00e9cessaire pour les soulever (la grue n&rsquo;est pas assez puissante)<\/p>\n<p><a href=\"https:\/\/blogs.gresille.org\/auclairduquartier\/wp-content\/uploads\/sites\/3\/2016\/03\/IMG_2332.jpg\" rel=\"attachment wp-att-521\"><img loading=\"lazy\" decoding=\"async\" class=\"alignnone size-medium wp-image-521\" src=\"https:\/\/blogs.gresille.org\/auclairduquartier\/wp-content\/uploads\/sites\/3\/2016\/03\/IMG_2332-225x300.jpg\" alt=\"IMG_2332\" width=\"225\" height=\"300\" srcset=\"https:\/\/blogs.gresille.org\/auclairduquartier\/wp-content\/uploads\/sites\/3\/2016\/03\/IMG_2332-225x300.jpg 225w, https:\/\/blogs.gresille.org\/auclairduquartier\/wp-content\/uploads\/sites\/3\/2016\/03\/IMG_2332.jpg 576w\" sizes=\"auto, (max-width: 225px) 100vw, 225px\" \/><\/a><a href=\"https:\/\/blogs.gresille.org\/auclairduquartier\/wp-content\/uploads\/sites\/3\/2016\/03\/IMG_2323.jpg\" rel=\"attachment wp-att-517\"><img loading=\"lazy\" decoding=\"async\" class=\"alignnone size-medium wp-image-517\" src=\"https:\/\/blogs.gresille.org\/auclairduquartier\/wp-content\/uploads\/sites\/3\/2016\/03\/IMG_2323-225x300.jpg\" alt=\"IMG_2323\" width=\"225\" height=\"300\" srcset=\"https:\/\/blogs.gresille.org\/auclairduquartier\/wp-content\/uploads\/sites\/3\/2016\/03\/IMG_2323-225x300.jpg 225w, https:\/\/blogs.gresille.org\/auclairduquartier\/wp-content\/uploads\/sites\/3\/2016\/03\/IMG_2323.jpg 576w\" sizes=\"auto, (max-width: 225px) 100vw, 225px\" \/><\/a><\/p>\n<p>On se rend bien compte maintenant du volume de la salle commune, du passage couvert et du futur pr\u00e9au. Ca prend forme, doucement mais s\u00fbrement.<\/p>\n<p><a href=\"https:\/\/blogs.gresille.org\/auclairduquartier\/wp-content\/uploads\/sites\/3\/2016\/03\/DSC00659.jpg\" rel=\"attachment wp-att-522\"><img loading=\"lazy\" decoding=\"async\" class=\"alignnone wp-image-522\" src=\"https:\/\/blogs.gresille.org\/auclairduquartier\/wp-content\/uploads\/sites\/3\/2016\/03\/DSC00659-300x200.jpg\" alt=\"DSC00659\" width=\"450\" height=\"300\" srcset=\"https:\/\/blogs.gresille.org\/auclairduquartier\/wp-content\/uploads\/sites\/3\/2016\/03\/DSC00659-300x200.jpg 300w, https:\/\/blogs.gresille.org\/auclairduquartier\/wp-content\/uploads\/sites\/3\/2016\/03\/DSC00659-768x512.jpg 768w, https:\/\/blogs.gresille.org\/auclairduquartier\/wp-content\/uploads\/sites\/3\/2016\/03\/DSC00659.jpg 1024w, https:\/\/blogs.gresille.org\/auclairduquartier\/wp-content\/uploads\/sites\/3\/2016\/03\/DSC00659-600x400.jpg 600w\" sizes=\"auto, (max-width: 450px) 100vw, 450px\" \/><\/a><\/p>\n<p>Alors ils vous plaisent nos pr\u00e9murs ?<\/p>\n","protected":false},"excerpt":{"rendered":"<p>Aujourd&rsquo;hui r\u00e9union de chantier au soleil avec nos ma\u00e7ons et notre ma\u00eetrise d&rsquo;\u0153uvre. Les 2 premi\u00e8res livraisons de pr\u00e9murs ont \u00e9t\u00e9 lev\u00e9es, les r\u00e9seaux sous dallages positionn\u00e9s, Les escaliers pr\u00e9fabriqu\u00e9s ont \u00e9t\u00e9 livr\u00e9s et une vol\u00e9e a \u00e9t\u00e9 positionn\u00e9e. Chaque vol\u00e9e fait plus de 5 tonnes ! Un engin sp\u00e9cial est n\u00e9cessaire pour les soulever &hellip; <a href=\"https:\/\/blogs.gresille.org\/auclairduquartier\/le-rez-de-chaussee-est-debout\/\" class=\"more-link\">Continuer la lecture de <span class=\"screen-reader-text\">Le rez de chauss\u00e9e est \u00ab\u00a0debout\u00a0\u00bb<\/span>  <span class=\"meta-nav\">&rarr;<\/span><\/a><\/p>\n","protected":false},"author":4,"featured_media":526,"comment_status":"open","ping_status":"open","sticky":false,"template":"","format":"standard","meta":{"footnotes":""},"categories":[29,28,2],"tags":[63,60,56,58,61,59,62],"class_list":["post-514","post","type-post","status-publish","format-standard","has-post-thumbnail","hentry","category-architecture","category-chantier","category-les-nouvelles-du-projet","tag-dallage","tag-escalier","tag-macon","tag-pre-mur","tag-preau","tag-reseaux","tag-salle-co"],"_links":{"self":[{"href":"https:\/\/blogs.gresille.org\/auclairduquartier\/wp-json\/wp\/v2\/posts\/514","targetHints":{"allow":["GET"]}}],"collection":[{"href":"https:\/\/blogs.gresille.org\/auclairduquartier\/wp-json\/wp\/v2\/posts"}],"about":[{"href":"https:\/\/blogs.gresille.org\/auclairduquartier\/wp-json\/wp\/v2\/types\/post"}],"author":[{"embeddable":true,"href":"https:\/\/blogs.gresille.org\/auclairduquartier\/wp-json\/wp\/v2\/users\/4"}],"replies":[{"embeddable":true,"href":"https:\/\/blogs.gresille.org\/auclairduquartier\/wp-json\/wp\/v2\/comments?post=514"}],"version-history":[{"count":7,"href":"https:\/\/blogs.gresille.org\/auclairduquartier\/wp-json\/wp\/v2\/posts\/514\/revisions"}],"predecessor-version":[{"id":538,"href":"https:\/\/blogs.gresille.org\/auclairduquartier\/wp-json\/wp\/v2\/posts\/514\/revisions\/538"}],"wp:featuredmedia":[{"embeddable":true,"href":"https:\/\/blogs.gresille.org\/auclairduquartier\/wp-json\/wp\/v2\/media\/526"}],"wp:attachment":[{"href":"https:\/\/blogs.gresille.org\/auclairduquartier\/wp-json\/wp\/v2\/media?parent=514"}],"wp:term":[{"taxonomy":"category","embeddable":true,"href":"https:\/\/blogs.gresille.org\/auclairduquartier\/wp-json\/wp\/v2\/categories?post=514"},{"taxonomy":"post_tag","embeddable":true,"href":"https:\/\/blogs.gresille.org\/auclairduquartier\/wp-json\/wp\/v2\/tags?post=514"}],"curies":[{"name":"wp","href":"https:\/\/api.w.org\/{rel}","templated":true}]}}