{"id":482,"date":"2016-03-01T10:22:20","date_gmt":"2016-03-01T10:22:20","guid":{"rendered":"https:\/\/blogs.gresille.org\/auclairduquartier\/?p=482"},"modified":"2016-03-23T20:59:17","modified_gmt":"2016-03-23T20:59:17","slug":"les-premieres-fondations-du-projet-doivent-etre-solides","status":"publish","type":"post","link":"https:\/\/blogs.gresille.org\/auclairduquartier\/les-premieres-fondations-du-projet-doivent-etre-solides\/","title":{"rendered":"Les premi\u00e8res fondations du projet doivent \u00eatre solides !"},"content":{"rendered":"<p><a href=\"https:\/\/blogs.gresille.org\/auclairduquartier\/wp-content\/uploads\/sites\/3\/2016\/02\/IMG_2097.jpg\" rel=\"attachment wp-att-492\"><img loading=\"lazy\" decoding=\"async\" class=\"alignnone wp-image-492\" src=\"https:\/\/blogs.gresille.org\/auclairduquartier\/wp-content\/uploads\/sites\/3\/2016\/02\/IMG_2097-300x100.jpg\" alt=\"IMG_2097\" width=\"470\" height=\"213\" \/><\/a>Les fouilles sont ouvertes, heureusement pas de ruines gallo-romaines, mais des poches de sables alluvionnaires (les fous! Ils construisent dans l&rsquo;ancien lit de la rivi\u00e8re du Drac&#8230;) qui contraignent nos vaillants ma\u00e7ons \u00e0 purger le sable pour le remplacer par du \u00ab\u00a0b\u00e9ton de rattrapage\u00a0\u00bb,\u00a0 sous les yeux aguerris de nos ing\u00e9nieurs g\u00e9otechniciens et contr\u00f4leur technique.<\/p>\n<p><a href=\"https:\/\/blogs.gresille.org\/auclairduquartier\/wp-content\/uploads\/sites\/3\/2016\/02\/IMG_2094.jpg\" rel=\"attachment wp-att-489\"><img loading=\"lazy\" decoding=\"async\" class=\"alignnone wp-image-489\" src=\"https:\/\/blogs.gresille.org\/auclairduquartier\/wp-content\/uploads\/sites\/3\/2016\/02\/IMG_2094-300x300.jpg\" alt=\"IMG_2094\" width=\"467\" height=\"359\" \/><\/a><br \/>\nLes fondations coul\u00e9es, il faut veiller \u00e0 ce que notre b\u00e2timent atypique (il l&rsquo;est jusque dans sa structure) soit bien r\u00e9alis\u00e9 avec le plus grand professionnalisme&#8230; qui en douterait ?<\/p>\n<p><a href=\"https:\/\/blogs.gresille.org\/auclairduquartier\/wp-content\/uploads\/sites\/3\/2016\/02\/IMG_2100.jpg\" rel=\"attachment wp-att-495\"><img loading=\"lazy\" decoding=\"async\" class=\"alignnone wp-image-495\" src=\"https:\/\/blogs.gresille.org\/auclairduquartier\/wp-content\/uploads\/sites\/3\/2016\/02\/IMG_2100-300x225.jpg\" alt=\"IMG_2100\" width=\"471\" height=\"331\" \/><\/a><\/p>\n<p>Et enfin ce matin m\u00eame, voici la derni\u00e8re tranch\u00e9e ouverte sur la voirie = c&rsquo;est la tranch\u00e9e commune pour les eaux us\u00e9es et l&rsquo;eau potable. Rassurez-vous il s&rsquo;agit bien de deux conduites distinctes !<\/p>\n","protected":false},"excerpt":{"rendered":"<p>Les fouilles sont ouvertes, heureusement pas de ruines gallo-romaines, mais des poches de sables alluvionnaires (les fous! Ils construisent dans l&rsquo;ancien lit de la rivi\u00e8re du Drac&#8230;) qui contraignent nos vaillants ma\u00e7ons \u00e0 purger le sable pour le remplacer par du \u00ab\u00a0b\u00e9ton de rattrapage\u00a0\u00bb,\u00a0 sous les yeux aguerris de nos ing\u00e9nieurs g\u00e9otechniciens et contr\u00f4leur technique. &hellip; <a href=\"https:\/\/blogs.gresille.org\/auclairduquartier\/les-premieres-fondations-du-projet-doivent-etre-solides\/\" class=\"more-link\">Continuer la lecture de <span class=\"screen-reader-text\">Les premi\u00e8res fondations du projet doivent \u00eatre solides !<\/span>  <span class=\"meta-nav\">&rarr;<\/span><\/a><\/p>\n","protected":false},"author":4,"featured_media":497,"comment_status":"open","ping_status":"open","sticky":false,"template":"","format":"standard","meta":{"footnotes":""},"categories":[29,28,2],"tags":[57,37,54,56,55],"class_list":["post-482","post","type-post","status-publish","format-standard","has-post-thumbnail","hentry","category-architecture","category-chantier","category-les-nouvelles-du-projet","tag-beton","tag-chantier","tag-fondations","tag-macon","tag-sable"],"_links":{"self":[{"href":"https:\/\/blogs.gresille.org\/auclairduquartier\/wp-json\/wp\/v2\/posts\/482","targetHints":{"allow":["GET"]}}],"collection":[{"href":"https:\/\/blogs.gresille.org\/auclairduquartier\/wp-json\/wp\/v2\/posts"}],"about":[{"href":"https:\/\/blogs.gresille.org\/auclairduquartier\/wp-json\/wp\/v2\/types\/post"}],"author":[{"embeddable":true,"href":"https:\/\/blogs.gresille.org\/auclairduquartier\/wp-json\/wp\/v2\/users\/4"}],"replies":[{"embeddable":true,"href":"https:\/\/blogs.gresille.org\/auclairduquartier\/wp-json\/wp\/v2\/comments?post=482"}],"version-history":[{"count":7,"href":"https:\/\/blogs.gresille.org\/auclairduquartier\/wp-json\/wp\/v2\/posts\/482\/revisions"}],"predecessor-version":[{"id":535,"href":"https:\/\/blogs.gresille.org\/auclairduquartier\/wp-json\/wp\/v2\/posts\/482\/revisions\/535"}],"wp:featuredmedia":[{"embeddable":true,"href":"https:\/\/blogs.gresille.org\/auclairduquartier\/wp-json\/wp\/v2\/media\/497"}],"wp:attachment":[{"href":"https:\/\/blogs.gresille.org\/auclairduquartier\/wp-json\/wp\/v2\/media?parent=482"}],"wp:term":[{"taxonomy":"category","embeddable":true,"href":"https:\/\/blogs.gresille.org\/auclairduquartier\/wp-json\/wp\/v2\/categories?post=482"},{"taxonomy":"post_tag","embeddable":true,"href":"https:\/\/blogs.gresille.org\/auclairduquartier\/wp-json\/wp\/v2\/tags?post=482"}],"curies":[{"name":"wp","href":"https:\/\/api.w.org\/{rel}","templated":true}]}}