{"id":422,"date":"2016-02-18T12:06:36","date_gmt":"2016-02-18T12:06:36","guid":{"rendered":"https:\/\/blogs.gresille.org\/auclairduquartier\/?p=422"},"modified":"2016-02-18T15:50:00","modified_gmt":"2016-02-18T15:50:00","slug":"une-pose-de-1ere-pierre-dignement-arrosee","status":"publish","type":"post","link":"https:\/\/blogs.gresille.org\/auclairduquartier\/une-pose-de-1ere-pierre-dignement-arrosee\/","title":{"rendered":"Une pose de 1\u00e8re pierre dignement arros\u00e9e !"},"content":{"rendered":"<p>Vendredi 12 f\u00e9vrier 2016 nous \u00e9tions chaleureusement entour\u00e9s pour c\u00e9l\u00e9brer avec \u00e9motion et enthousiasme\u00a0la pose de la premi\u00e8re pierre de notre \u00e9difice apr\u00e8s 4 bonnes ann\u00e9es de pr\u00e9paration. Etaient pr\u00e9sents :<\/p>\n<ul>\n<li>des repr\u00e9sentants de la Ville de Grenoble\u00a0(notamment La\u00ebtitia Lemoine &#8211; adjointe secteur 3)\u00a0et de la M\u00e9tro<\/li>\n<li>notre architecte Florian Golay, les entreprises et bureaux d&rsquo;\u00e9tudes impliqu\u00e9s dans la construction, ainsi que des partenaires du projet,<\/li>\n<li>quelques voisins et leur repr\u00e9sentant\u00a0: l\u2019<a href=\"http:\/\/www.udhec38.com\" target=\"_blank\">UDHEC<\/a>,\u00a0union des habitants du quartier,<\/li>\n<li>des associ\u00e9s de notre SCI, des membres de nos familles,<\/li>\n<li>l\u2019association\u00a0<a href=\"http:\/\/www.leshabiles.org\/\" target=\"_blank\">les HABILES<\/a>,<\/li>\n<li>et quelques journalistes.<\/li>\n<\/ul>\n<p><img loading=\"lazy\" decoding=\"async\" class=\"alignnone wp-image-451 size-large\" src=\"https:\/\/blogs.gresille.org\/auclairduquartier\/wp-content\/uploads\/sites\/3\/2016\/02\/300_7992_1-1024x680.jpg\" alt=\"300_7992_1\" width=\"474\" height=\"315\" srcset=\"https:\/\/blogs.gresille.org\/auclairduquartier\/wp-content\/uploads\/sites\/3\/2016\/02\/300_7992_1.jpg 1024w, https:\/\/blogs.gresille.org\/auclairduquartier\/wp-content\/uploads\/sites\/3\/2016\/02\/300_7992_1-300x199.jpg 300w, https:\/\/blogs.gresille.org\/auclairduquartier\/wp-content\/uploads\/sites\/3\/2016\/02\/300_7992_1-768x510.jpg 768w, https:\/\/blogs.gresille.org\/auclairduquartier\/wp-content\/uploads\/sites\/3\/2016\/02\/300_7992_1-600x398.jpg 600w\" sizes=\"auto, (max-width: 474px) 100vw, 474px\" \/><\/p>\n<p>Ce fut un moment convivial, \u00e9mouvant et joyeux (voir notre galerie photo <a href=\"https:\/\/owncloud.gresille.org\/index.php\/apps\/gallery\/s\/LQeTGDWlCuuq7Wc\" target=\"_blank\">ici<\/a>).<\/p>\n<p>Les pieds dans la boue, pluie oblige, nous avons pris acte de tout ce chemin d\u00e9j\u00e0 parcouru par notre groupe et\u00a0 t\u00e9moign\u00e9 de notre reconnaissance \u00e0 tous ceux qui nous ont soutenus jusque l\u00e0 avant de f\u00eater dignement ce d\u00e9marrage de chantier tant attendu.<\/p>\n<p>J\u00e9r\u00f4me a d&rsquo;abord pris la parole pour notre groupe (texte \u00a0<a href=\"https:\/\/blogs.gresille.org\/auclairduquartier\/wp-content\/uploads\/sites\/3\/2016\/02\/Discours-JdL-1\u00e8re-pierre-12_02_2016.pdf\" target=\"_blank\">ici<\/a>), puis Florian a expliqu\u00e9 le processus de cr\u00e9ation architecturale et les sp\u00e9cificit\u00e9s techniques du b\u00e2timent. Franck Montaudon des \u00ab\u00a0HABILES\u00a0\u00bb et Vincent Fristot (adjoint \u00e0 la Ville de Grenoble -urbanisme, logement habitat et transition \u00e9nerg\u00e9tique) ont ensuite soulign\u00e9 l&rsquo;importance des projets d&rsquo;habitat participatif tout en saluant notre t\u00e9nacit\u00e9.<\/p>\n<p><a href=\"https:\/\/blogs.gresille.org\/auclairduquartier\/wp-content\/uploads\/sites\/3\/2016\/02\/1ERE-PIERRE-4.jpg\" rel=\"attachment wp-att-446\"><img loading=\"lazy\" decoding=\"async\" class=\"alignnone wp-image-446 size-large\" src=\"https:\/\/blogs.gresille.org\/auclairduquartier\/wp-content\/uploads\/sites\/3\/2016\/02\/1ERE-PIERRE-4-1024x589.jpg\" alt=\"1ERE PIERRE 4\" width=\"474\" height=\"273\" srcset=\"https:\/\/blogs.gresille.org\/auclairduquartier\/wp-content\/uploads\/sites\/3\/2016\/02\/1ERE-PIERRE-4-1024x589.jpg 1024w, https:\/\/blogs.gresille.org\/auclairduquartier\/wp-content\/uploads\/sites\/3\/2016\/02\/1ERE-PIERRE-4-300x173.jpg 300w, https:\/\/blogs.gresille.org\/auclairduquartier\/wp-content\/uploads\/sites\/3\/2016\/02\/1ERE-PIERRE-4-768x442.jpg 768w, https:\/\/blogs.gresille.org\/auclairduquartier\/wp-content\/uploads\/sites\/3\/2016\/02\/1ERE-PIERRE-4-600x345.jpg 600w, https:\/\/blogs.gresille.org\/auclairduquartier\/wp-content\/uploads\/sites\/3\/2016\/02\/1ERE-PIERRE-4.jpg 1600w\" sizes=\"auto, (max-width: 474px) 100vw, 474px\" \/><\/a><\/p>\n<p>Nous avons ensuite pos\u00e9 la premi\u00e8re pierre (en \u00ab\u00a0calligraphiant\u00a0\u00bb <strong>AU CLAIR<\/strong>\u00a0avec des\u00a0moellons) et trinqu\u00e9 autour d\u2019un buffet jusqu&rsquo;\u00e0 ce que la pluie laisse place \u00e0 une \u00e9claircie bienvenue !<\/p>\n<p><a href=\"https:\/\/blogs.gresille.org\/auclairduquartier\/wp-content\/uploads\/sites\/3\/2016\/02\/300_8019_1.jpg\" rel=\"attachment wp-att-452\"><img loading=\"lazy\" decoding=\"async\" class=\"alignnone wp-image-452 size-large\" src=\"https:\/\/blogs.gresille.org\/auclairduquartier\/wp-content\/uploads\/sites\/3\/2016\/02\/300_8019_1-1024x680.jpg\" alt=\"300_8019_1\" width=\"474\" height=\"315\" srcset=\"https:\/\/blogs.gresille.org\/auclairduquartier\/wp-content\/uploads\/sites\/3\/2016\/02\/300_8019_1.jpg 1024w, https:\/\/blogs.gresille.org\/auclairduquartier\/wp-content\/uploads\/sites\/3\/2016\/02\/300_8019_1-300x199.jpg 300w, https:\/\/blogs.gresille.org\/auclairduquartier\/wp-content\/uploads\/sites\/3\/2016\/02\/300_8019_1-768x510.jpg 768w, https:\/\/blogs.gresille.org\/auclairduquartier\/wp-content\/uploads\/sites\/3\/2016\/02\/300_8019_1-600x398.jpg 600w\" sizes=\"auto, (max-width: 474px) 100vw, 474px\" \/><\/a><br \/>\nUn grand merci \u00e0 la pr\u00e9sence et au soutien de chacun, \u00e0 tous ceux qui se sont mouill\u00e9s pour nous dans tous les sens du terme !<\/p>\n<p>\u00ab D\u00e9marrage pluvieux, chantier heureux !\u00a0\u00bb \ud83d\ude42<\/p>\n<p>Merci \u00e9galement au Dauphin\u00e9 Lib\u00e9r\u00e9 pour son dossier sp\u00e9cial habitat participatif du 13\/02\/16 (cliquer\u00a0<a href=\"https:\/\/blogs.gresille.org\/auclairduquartier\/wp-content\/uploads\/sites\/3\/2016\/02\/Edition-DL-du-13f\u00e9vrier2016-pages-2-3.pdf\" target=\"_blank\" rel=\"\">ici<\/a> pour le visionner).<\/p>\n<p>&nbsp;<\/p>\n","protected":false},"excerpt":{"rendered":"<p>Vendredi 12 f\u00e9vrier 2016 nous \u00e9tions chaleureusement entour\u00e9s pour c\u00e9l\u00e9brer avec \u00e9motion et enthousiasme\u00a0la pose de la premi\u00e8re pierre de notre \u00e9difice apr\u00e8s 4 bonnes ann\u00e9es de pr\u00e9paration. Etaient pr\u00e9sents : des repr\u00e9sentants de la Ville de Grenoble\u00a0(notamment La\u00ebtitia Lemoine &#8211; adjointe secteur 3)\u00a0et de la M\u00e9tro notre architecte Florian Golay, les entreprises et bureaux &hellip; <a href=\"https:\/\/blogs.gresille.org\/auclairduquartier\/une-pose-de-1ere-pierre-dignement-arrosee\/\" class=\"more-link\">Continuer la lecture de <span class=\"screen-reader-text\">Une pose de 1\u00e8re pierre dignement arros\u00e9e !<\/span>  <span class=\"meta-nav\">&rarr;<\/span><\/a><\/p>\n","protected":false},"author":4,"featured_media":471,"comment_status":"open","ping_status":"open","sticky":false,"template":"","format":"standard","meta":{"footnotes":""},"categories":[29,28,4,2],"tags":[31,37,52,50,43,53,47,51,46,48,49],"class_list":["post-422","post","type-post","status-publish","format-standard","has-post-thumbnail","hentry","category-architecture","category-chantier","category-chrono-projet","category-les-nouvelles-du-projet","tag-architecture","tag-chantier","tag-discours","tag-elus","tag-grenoble","tag-journalistes","tag-les-habiles","tag-partenaires","tag-premiere-pierre","tag-sci","tag-udhec"],"_links":{"self":[{"href":"https:\/\/blogs.gresille.org\/auclairduquartier\/wp-json\/wp\/v2\/posts\/422","targetHints":{"allow":["GET"]}}],"collection":[{"href":"https:\/\/blogs.gresille.org\/auclairduquartier\/wp-json\/wp\/v2\/posts"}],"about":[{"href":"https:\/\/blogs.gresille.org\/auclairduquartier\/wp-json\/wp\/v2\/types\/post"}],"author":[{"embeddable":true,"href":"https:\/\/blogs.gresille.org\/auclairduquartier\/wp-json\/wp\/v2\/users\/4"}],"replies":[{"embeddable":true,"href":"https:\/\/blogs.gresille.org\/auclairduquartier\/wp-json\/wp\/v2\/comments?post=422"}],"version-history":[{"count":43,"href":"https:\/\/blogs.gresille.org\/auclairduquartier\/wp-json\/wp\/v2\/posts\/422\/revisions"}],"predecessor-version":[{"id":480,"href":"https:\/\/blogs.gresille.org\/auclairduquartier\/wp-json\/wp\/v2\/posts\/422\/revisions\/480"}],"wp:featuredmedia":[{"embeddable":true,"href":"https:\/\/blogs.gresille.org\/auclairduquartier\/wp-json\/wp\/v2\/media\/471"}],"wp:attachment":[{"href":"https:\/\/blogs.gresille.org\/auclairduquartier\/wp-json\/wp\/v2\/media?parent=422"}],"wp:term":[{"taxonomy":"category","embeddable":true,"href":"https:\/\/blogs.gresille.org\/auclairduquartier\/wp-json\/wp\/v2\/categories?post=422"},{"taxonomy":"post_tag","embeddable":true,"href":"https:\/\/blogs.gresille.org\/auclairduquartier\/wp-json\/wp\/v2\/tags?post=422"}],"curies":[{"name":"wp","href":"https:\/\/api.w.org\/{rel}","templated":true}]}}