{"id":391,"date":"2016-02-10T20:58:43","date_gmt":"2016-02-10T20:58:43","guid":{"rendered":"https:\/\/blogs.gresille.org\/auclairduquartier\/?p=391"},"modified":"2016-03-23T21:10:35","modified_gmt":"2016-03-23T21:10:35","slug":"le-chantier-est-ouvert","status":"publish","type":"post","link":"https:\/\/blogs.gresille.org\/auclairduquartier\/le-chantier-est-ouvert\/","title":{"rendered":"Le chantier est ouvert !"},"content":{"rendered":"<p><a href=\"https:\/\/blogs.gresille.org\/auclairduquartier\/wp-content\/uploads\/sites\/3\/2016\/02\/IMG_1929.jpg\"><span style=\"color: #000000\">Lundi matin&#8230; les barri\u00e8res sont install\u00e9es<\/span><img loading=\"lazy\" decoding=\"async\" class=\"alignnone size-medium wp-image-414\" src=\"https:\/\/blogs.gresille.org\/auclairduquartier\/wp-content\/uploads\/sites\/3\/2016\/02\/IMG_1929-300x225.jpg\" alt=\"IMG_1929\" width=\"300\" height=\"225\" srcset=\"https:\/\/blogs.gresille.org\/auclairduquartier\/wp-content\/uploads\/sites\/3\/2016\/02\/IMG_1929-300x225.jpg 300w, https:\/\/blogs.gresille.org\/auclairduquartier\/wp-content\/uploads\/sites\/3\/2016\/02\/IMG_1929.jpg 1024w, https:\/\/blogs.gresille.org\/auclairduquartier\/wp-content\/uploads\/sites\/3\/2016\/02\/IMG_1929-600x450.jpg 600w\" sizes=\"auto, (max-width: 300px) 100vw, 300px\" \/><\/a><\/p>\n<p><span style=\"color: #000000\">mardi matin&#8230; la grue est mont\u00e9e<\/span><a href=\"https:\/\/blogs.gresille.org\/auclairduquartier\/wp-content\/uploads\/sites\/3\/2016\/02\/IMG_1933.jpg\"><img loading=\"lazy\" decoding=\"async\" class=\"alignnone size-medium wp-image-412\" src=\"https:\/\/blogs.gresille.org\/auclairduquartier\/wp-content\/uploads\/sites\/3\/2016\/02\/IMG_1933-300x225.jpg\" alt=\"IMG_1933\" width=\"300\" height=\"225\" srcset=\"https:\/\/blogs.gresille.org\/auclairduquartier\/wp-content\/uploads\/sites\/3\/2016\/02\/IMG_1933-300x225.jpg 300w, https:\/\/blogs.gresille.org\/auclairduquartier\/wp-content\/uploads\/sites\/3\/2016\/02\/IMG_1933.jpg 1024w, https:\/\/blogs.gresille.org\/auclairduquartier\/wp-content\/uploads\/sites\/3\/2016\/02\/IMG_1933-600x450.jpg 600w\" sizes=\"auto, (max-width: 300px) 100vw, 300px\" \/><\/a><\/p>\n<p><span style=\"color: #000000\">mercredi matin&#8230; toutes les souches sont d\u00e9racin\u00e9es<\/span><a href=\"https:\/\/blogs.gresille.org\/auclairduquartier\/wp-content\/uploads\/sites\/3\/2016\/02\/DSC00378.jpg\"><img loading=\"lazy\" decoding=\"async\" class=\"alignnone wp-image-398 size-medium\" src=\"https:\/\/blogs.gresille.org\/auclairduquartier\/wp-content\/uploads\/sites\/3\/2016\/02\/DSC00378-300x200.jpg\" alt=\"\" width=\"300\" height=\"200\" srcset=\"https:\/\/blogs.gresille.org\/auclairduquartier\/wp-content\/uploads\/sites\/3\/2016\/02\/DSC00378-300x200.jpg 300w, https:\/\/blogs.gresille.org\/auclairduquartier\/wp-content\/uploads\/sites\/3\/2016\/02\/DSC00378.jpg 1024w, https:\/\/blogs.gresille.org\/auclairduquartier\/wp-content\/uploads\/sites\/3\/2016\/02\/DSC00378-600x400.jpg 600w\" sizes=\"auto, (max-width: 300px) 100vw, 300px\" \/><\/a><\/p>\n<p><span style=\"color: #000000\">quel soulagement de voir ce chantier enfin d\u00e9marrer !<\/span><\/p>\n<p>&gt;&gt; <a href=\"https:\/\/owncloud.gresille.org\/index.php\/apps\/gallery\/s\/OHP0UoKAy5RWfZN\" target=\"_blank\">Lien vers les photos du chantier<\/a><\/p>\n","protected":false},"excerpt":{"rendered":"<p>Lundi matin&#8230; les barri\u00e8res sont install\u00e9es mardi matin&#8230; la grue est mont\u00e9e mercredi matin&#8230; toutes les souches sont d\u00e9racin\u00e9es quel soulagement de voir ce chantier enfin d\u00e9marrer ! &gt;&gt; Lien vers les photos du chantier<\/p>\n","protected":false},"author":4,"featured_media":409,"comment_status":"open","ping_status":"open","sticky":false,"template":"","format":"standard","meta":{"footnotes":""},"categories":[28,2],"tags":[],"class_list":["post-391","post","type-post","status-publish","format-standard","has-post-thumbnail","hentry","category-chantier","category-les-nouvelles-du-projet"],"_links":{"self":[{"href":"https:\/\/blogs.gresille.org\/auclairduquartier\/wp-json\/wp\/v2\/posts\/391","targetHints":{"allow":["GET"]}}],"collection":[{"href":"https:\/\/blogs.gresille.org\/auclairduquartier\/wp-json\/wp\/v2\/posts"}],"about":[{"href":"https:\/\/blogs.gresille.org\/auclairduquartier\/wp-json\/wp\/v2\/types\/post"}],"author":[{"embeddable":true,"href":"https:\/\/blogs.gresille.org\/auclairduquartier\/wp-json\/wp\/v2\/users\/4"}],"replies":[{"embeddable":true,"href":"https:\/\/blogs.gresille.org\/auclairduquartier\/wp-json\/wp\/v2\/comments?post=391"}],"version-history":[{"count":6,"href":"https:\/\/blogs.gresille.org\/auclairduquartier\/wp-json\/wp\/v2\/posts\/391\/revisions"}],"predecessor-version":[{"id":537,"href":"https:\/\/blogs.gresille.org\/auclairduquartier\/wp-json\/wp\/v2\/posts\/391\/revisions\/537"}],"wp:featuredmedia":[{"embeddable":true,"href":"https:\/\/blogs.gresille.org\/auclairduquartier\/wp-json\/wp\/v2\/media\/409"}],"wp:attachment":[{"href":"https:\/\/blogs.gresille.org\/auclairduquartier\/wp-json\/wp\/v2\/media?parent=391"}],"wp:term":[{"taxonomy":"category","embeddable":true,"href":"https:\/\/blogs.gresille.org\/auclairduquartier\/wp-json\/wp\/v2\/categories?post=391"},{"taxonomy":"post_tag","embeddable":true,"href":"https:\/\/blogs.gresille.org\/auclairduquartier\/wp-json\/wp\/v2\/tags?post=391"}],"curies":[{"name":"wp","href":"https:\/\/api.w.org\/{rel}","templated":true}]}}