{"id":2809,"date":"2026-04-26T14:17:52","date_gmt":"2026-04-26T14:17:52","guid":{"rendered":"https:\/\/blogs.gresille.org\/auclairduquartier\/?p=2809"},"modified":"2026-04-26T14:17:52","modified_gmt":"2026-04-26T14:17:52","slug":"concert-elsa-foret-vendredi-29-mai","status":"publish","type":"post","link":"https:\/\/blogs.gresille.org\/auclairduquartier\/concert-elsa-foret-vendredi-29-mai\/","title":{"rendered":"Concert Elsa For\u00eat :: vendredi 29 mai"},"content":{"rendered":"\n<p class=\"has-text-color has-link-color has-medium-font-size wp-elements-8249e3af376483de5f7a6f82fbd118de\" style=\"color:#de0505\"><strong>vendredi 29 mai : 20h30<\/strong><\/p>\n\n\n\n<p class=\"has-text-color has-link-color wp-elements-5107efe8e7a3f64d22eea95fd7becafb\" style=\"color:#14a5d9\">L\u2019association <strong>Au Clair du Quartier<\/strong> a le plaisir de vous pr\u00e9senter le concert de <strong>Elsa For\u00eat <\/strong>le <strong>vendredi 29 mai <\/strong>chez nous.<\/p>\n\n\n\n<p class=\"has-text-color has-link-color wp-elements-acac278f7657bc64a5ddcb574653b3ab\" style=\"color:#069547\">Elsa For\u00eat, une v\u00e9ritable po\u00e8te nomade qui chante le monde avec une sensibilit\u00e9 captivante. Son univers musical est une bulle de pop-folk chaleureuse, port\u00e9e par le doux son du ukul\u00e9l\u00e9 et les accords de la guitare.<\/p>\n\n\n\n<p class=\"has-text-color has-link-color wp-elements-ca4c2585a33a01474fffabd9eb365e68\" style=\"color:#bb0d89\"><em>Pr\u00e9parez-vous \u00e0 plonger dans un monde o\u00f9 les mots, sensibles et engag\u00e9s, s\u2019entrem\u00ealent en plusieurs langues. Elsa For\u00eat est une artiste \u00e9clectique qui laisse libre cours \u00e0 son improvisation vocale, tissant des liens uniques avec ses textes po\u00e9tiques multilingues et des rythmiques aux accents reggae, pop et folk.<\/em><\/p>\n\n\n<div class=\"wp-block-image is-style-default\">\n<figure class=\"aligncenter size-large\"><a href=\"https:\/\/blogs.gresille.org\/auclairduquartier\/wp-content\/uploads\/sites\/3\/2026\/04\/signal-2026-04-24-131656.jpeg\"><img loading=\"lazy\" decoding=\"async\" width=\"724\" height=\"1024\" src=\"https:\/\/blogs.gresille.org\/auclairduquartier\/wp-content\/uploads\/sites\/3\/2026\/04\/signal-2026-04-24-131656-724x1024.jpeg\" alt=\"\" class=\"wp-image-2810\" srcset=\"https:\/\/blogs.gresille.org\/auclairduquartier\/wp-content\/uploads\/sites\/3\/2026\/04\/signal-2026-04-24-131656-724x1024.jpeg 724w, https:\/\/blogs.gresille.org\/auclairduquartier\/wp-content\/uploads\/sites\/3\/2026\/04\/signal-2026-04-24-131656-212x300.jpeg 212w, https:\/\/blogs.gresille.org\/auclairduquartier\/wp-content\/uploads\/sites\/3\/2026\/04\/signal-2026-04-24-131656-768x1086.jpeg 768w, https:\/\/blogs.gresille.org\/auclairduquartier\/wp-content\/uploads\/sites\/3\/2026\/04\/signal-2026-04-24-131656-1086x1536.jpeg 1086w, https:\/\/blogs.gresille.org\/auclairduquartier\/wp-content\/uploads\/sites\/3\/2026\/04\/signal-2026-04-24-131656.jpeg 1131w\" sizes=\"auto, (max-width: 724px) 100vw, 724px\" \/><\/a><\/figure><\/div>\n\n\n<p>Site internet : <a href=\"http:\/\/www.elsaforet.fr\" target=\"_blank\" rel=\"noreferrer noopener\">www.elsaforet.fr<\/a><\/p>\n\n\n\n<p class=\"has-text-color has-link-color wp-elements-db0d70879fb971afd5b433299de151de\" style=\"color:#4c0303\">Concert \u00e0 prix libre  \/ boissons en vente sur place (b\u00e9n\u00e9fices aux artistes) \/ ouverture des portes d\u00e8s 20h00.<\/p>\n\n\n\n<p>R\u00e9servation recommand\u00e9e :<strong> auclairduquartier@gmail.com<\/strong><\/p>\n\n\n\n<p>1 bis rue des Champs Elys\u00e9es \u2013 GRENOBLE<\/p>\n\n\n\n<p><\/p>\n","protected":false},"excerpt":{"rendered":"<p>vendredi 29 mai : 20h30 L\u2019association Au Clair du Quartier a le plaisir de vous pr\u00e9senter le concert de Elsa For\u00eat le vendredi 29 mai chez nous. Elsa For\u00eat, une v\u00e9ritable po\u00e8te nomade qui chante le monde avec une sensibilit\u00e9 captivante. Son univers musical est une bulle de pop-folk chaleureuse, port\u00e9e par le doux son &hellip; <a href=\"https:\/\/blogs.gresille.org\/auclairduquartier\/concert-elsa-foret-vendredi-29-mai\/\" class=\"more-link\">Continuer la lecture de <span class=\"screen-reader-text\">Concert Elsa For\u00eat :: vendredi 29 mai<\/span>  <span class=\"meta-nav\">&rarr;<\/span><\/a><\/p>\n","protected":false},"author":3,"featured_media":2811,"comment_status":"closed","ping_status":"","sticky":false,"template":"","format":"standard","meta":{"footnotes":""},"categories":[268,147,192],"tags":[180,91,164],"class_list":["post-2809","post","type-post","status-publish","format-standard","has-post-thumbnail","hentry","category-concert","category-evenement","category-quartier","tag-concert","tag-jardin","tag-salle-commune"],"_links":{"self":[{"href":"https:\/\/blogs.gresille.org\/auclairduquartier\/wp-json\/wp\/v2\/posts\/2809","targetHints":{"allow":["GET"]}}],"collection":[{"href":"https:\/\/blogs.gresille.org\/auclairduquartier\/wp-json\/wp\/v2\/posts"}],"about":[{"href":"https:\/\/blogs.gresille.org\/auclairduquartier\/wp-json\/wp\/v2\/types\/post"}],"author":[{"embeddable":true,"href":"https:\/\/blogs.gresille.org\/auclairduquartier\/wp-json\/wp\/v2\/users\/3"}],"replies":[{"embeddable":true,"href":"https:\/\/blogs.gresille.org\/auclairduquartier\/wp-json\/wp\/v2\/comments?post=2809"}],"version-history":[{"count":1,"href":"https:\/\/blogs.gresille.org\/auclairduquartier\/wp-json\/wp\/v2\/posts\/2809\/revisions"}],"predecessor-version":[{"id":2812,"href":"https:\/\/blogs.gresille.org\/auclairduquartier\/wp-json\/wp\/v2\/posts\/2809\/revisions\/2812"}],"wp:featuredmedia":[{"embeddable":true,"href":"https:\/\/blogs.gresille.org\/auclairduquartier\/wp-json\/wp\/v2\/media\/2811"}],"wp:attachment":[{"href":"https:\/\/blogs.gresille.org\/auclairduquartier\/wp-json\/wp\/v2\/media?parent=2809"}],"wp:term":[{"taxonomy":"category","embeddable":true,"href":"https:\/\/blogs.gresille.org\/auclairduquartier\/wp-json\/wp\/v2\/categories?post=2809"},{"taxonomy":"post_tag","embeddable":true,"href":"https:\/\/blogs.gresille.org\/auclairduquartier\/wp-json\/wp\/v2\/tags?post=2809"}],"curies":[{"name":"wp","href":"https:\/\/api.w.org\/{rel}","templated":true}]}}