{"id":2687,"date":"2025-03-30T15:54:03","date_gmt":"2025-03-30T15:54:03","guid":{"rendered":"https:\/\/blogs.gresille.org\/auclairduquartier\/?p=2687"},"modified":"2025-03-30T18:02:14","modified_gmt":"2025-03-30T18:02:14","slug":"concert-pedro-dos-dos-vendredi-4-avril","status":"publish","type":"post","link":"https:\/\/blogs.gresille.org\/auclairduquartier\/concert-pedro-dos-dos-vendredi-4-avril\/","title":{"rendered":"Concert Pedro dos Dos &#8211; vendredi 4 avril"},"content":{"rendered":"\n<p class=\"has-text-align-center has-medium-font-size\">Au Clair Du Quartier pr\u00e9sente : <\/p>\n\n\n\n<p class=\"has-text-align-center has-background has-large-font-size\" style=\"background-color:#f7f313\">Pedro dos Dos<\/p>\n\n\n\n<p class=\"has-text-align-center has-medium-font-size\"><strong>Vendredi 4 avril \u00e0 20h30<\/strong><\/p>\n\n\n\n<p class=\"has-text-align-center has-text-color has-link-color has-medium-font-size wp-elements-0eaafa8444661179a9b14e85dd809fb4\" style=\"color:#f29705\">M\u00e9lancolique Samba<br>Clownique Bossa nova<\/p>\n\n\n\n<p>Pedro dos Dos, personnage d\u00e9routant mais sympathique, vient vous interpr\u00e9ter quelques chansons de samba et bossa nova, en version originale portugaise, ou bien parfois en fran\u00e7ais. Tout seul, mais tellement content d&rsquo;\u00eatre avec vous !<br>C&rsquo;est un peu lui-m\u00eame, qu&rsquo;il chante ainsi : de l&rsquo;enthousiasme au po\u00e8me \u2012 en passant par certaine perplexit\u00e9. <\/p>\n\n\n\n<p>Venez donc l&rsquo;aider \u00e0 se sentir \u00e0-l&rsquo;aise\u2026 et vous faire embarquer par ses rythmes r\u00eaveurs, m\u00e9lodies qui balancent, d&rsquo;\u00e9motion en \u00e9motion.<\/p>\n\n\n\n<p><a href=\"https:\/\/pedrodosdos.com\/\">https:\/\/pedrodosdos.com\/<\/a><\/p>\n\n\n\n<p class=\"has-text-color has-link-color wp-elements-8f5820b7afae1881982944989101528c\" style=\"color:#f92323\">guitare, chant, percussions, po\u00e8mes : Pedro dos Dos<br>Pedro dos Dos : Samuel Bauer<\/p>\n\n\n\n<p>N\u2019apportez pas \u00e0 boire car le bar sera ouvert d\u00e8s 20H00 et apr\u00e8s le spectacle (la recette du bar participe aux d\u00e9fraiement des artistes).<br><strong>R\u00e9servation souhait\u00e9e<\/strong> au <strong>06 89 67 27 68<\/strong> ou par mail \u00e0 <strong><a href=\"mailto:auclairduquartier@gmail.com\">auclairduquartier@gmail.com<\/a><\/strong><br><\/p>\n\n\n\n<p><\/p>\n","protected":false},"excerpt":{"rendered":"<p>Au Clair Du Quartier pr\u00e9sente : Pedro dos Dos Vendredi 4 avril \u00e0 20h30 M\u00e9lancolique SambaClownique Bossa nova Pedro dos Dos, personnage d\u00e9routant mais sympathique, vient vous interpr\u00e9ter quelques chansons de samba et bossa nova, en version originale portugaise, ou bien parfois en fran\u00e7ais. Tout seul, mais tellement content d&rsquo;\u00eatre avec vous !C&rsquo;est un peu &hellip; <a href=\"https:\/\/blogs.gresille.org\/auclairduquartier\/concert-pedro-dos-dos-vendredi-4-avril\/\" class=\"more-link\">Continuer la lecture de <span class=\"screen-reader-text\">Concert Pedro dos Dos &#8211; vendredi 4 avril<\/span>  <span class=\"meta-nav\">&rarr;<\/span><\/a><\/p>\n","protected":false},"author":3,"featured_media":2688,"comment_status":"closed","ping_status":"","sticky":false,"template":"","format":"standard","meta":{"footnotes":""},"categories":[268,147],"tags":[180,164],"class_list":["post-2687","post","type-post","status-publish","format-standard","has-post-thumbnail","hentry","category-concert","category-evenement","tag-concert","tag-salle-commune"],"_links":{"self":[{"href":"https:\/\/blogs.gresille.org\/auclairduquartier\/wp-json\/wp\/v2\/posts\/2687","targetHints":{"allow":["GET"]}}],"collection":[{"href":"https:\/\/blogs.gresille.org\/auclairduquartier\/wp-json\/wp\/v2\/posts"}],"about":[{"href":"https:\/\/blogs.gresille.org\/auclairduquartier\/wp-json\/wp\/v2\/types\/post"}],"author":[{"embeddable":true,"href":"https:\/\/blogs.gresille.org\/auclairduquartier\/wp-json\/wp\/v2\/users\/3"}],"replies":[{"embeddable":true,"href":"https:\/\/blogs.gresille.org\/auclairduquartier\/wp-json\/wp\/v2\/comments?post=2687"}],"version-history":[{"count":2,"href":"https:\/\/blogs.gresille.org\/auclairduquartier\/wp-json\/wp\/v2\/posts\/2687\/revisions"}],"predecessor-version":[{"id":2690,"href":"https:\/\/blogs.gresille.org\/auclairduquartier\/wp-json\/wp\/v2\/posts\/2687\/revisions\/2690"}],"wp:featuredmedia":[{"embeddable":true,"href":"https:\/\/blogs.gresille.org\/auclairduquartier\/wp-json\/wp\/v2\/media\/2688"}],"wp:attachment":[{"href":"https:\/\/blogs.gresille.org\/auclairduquartier\/wp-json\/wp\/v2\/media?parent=2687"}],"wp:term":[{"taxonomy":"category","embeddable":true,"href":"https:\/\/blogs.gresille.org\/auclairduquartier\/wp-json\/wp\/v2\/categories?post=2687"},{"taxonomy":"post_tag","embeddable":true,"href":"https:\/\/blogs.gresille.org\/auclairduquartier\/wp-json\/wp\/v2\/tags?post=2687"}],"curies":[{"name":"wp","href":"https:\/\/api.w.org\/{rel}","templated":true}]}}