{"id":2483,"date":"2023-04-03T12:42:02","date_gmt":"2023-04-03T12:42:02","guid":{"rendered":"https:\/\/blogs.gresille.org\/auclairduquartier\/?p=2483"},"modified":"2023-04-03T12:42:57","modified_gmt":"2023-04-03T12:42:57","slug":"atelier-biophilise-impulser-un-projet-lundi-24-avril","status":"publish","type":"post","link":"https:\/\/blogs.gresille.org\/auclairduquartier\/atelier-biophilise-impulser-un-projet-lundi-24-avril\/","title":{"rendered":"Atelier biophilis\u00e9 \u00ab\u00a0impulser un projet !\u00a0\u00bb lUNDI 24 AVRIL"},"content":{"rendered":"\n<p class=\"has-text-align-center\">Envie de donner de l&rsquo;\u00e9lan \u00e0 un projet que tu as en t\u00eate ou qui \u00e9mergera lors de cet atelier : piste d\u2019action, projet pro, associatif, de vie ou autre ?<\/p>\n\n\n\n<p class=\"has-text-align-center\">Exp\u00e9rimente cet atelier biophilis\u00e9 !<\/p>\n\n\n\n<p class=\"has-text-align-center\">Nous voyagerons au fil des 4 mouvements d\u2019une approche appel\u00e9e le \u00ab Travail qui relie \u00bb (travail au sens de travers\u00e9e \/ transformation) pour identifier le projet qui est vivant pour chacun\u2e31e, le ressentir pleinement et lui donner le meilleur terreau.<\/p>\n\n\n\n<p class=\"has-text-align-center\">G\u00e9raldine Sim\u00e9on s&rsquo;est form\u00e9e \u00e0 l&rsquo;animation du \u00ab Travail qui relie \u00bb selon Joanna Macy.<\/p>\n\n\n\n<p class=\"has-text-align-center\">Infos : <a rel=\"noreferrer noopener\" href=\"https:\/\/biophilia.fr\/\" target=\"_blank\">https:\/\/biophilia.fr\/<\/a><\/p>\n\n\n\n<div class=\"wp-block-image\"><figure class=\"aligncenter size-large\"><a href=\"https:\/\/blogs.gresille.org\/auclairduquartier\/wp-content\/uploads\/sites\/3\/2023\/04\/Impulser.jpg\" target=\"_blank\" rel=\"noopener\"><img decoding=\"async\" src=\"https:\/\/blogs.gresille.org\/auclairduquartier\/wp-content\/uploads\/sites\/3\/2023\/04\/Impulser-732x1024.jpg\" alt=\"\" class=\"wp-image-2491\" \/><\/a><\/figure><\/div>\n","protected":false},"excerpt":{"rendered":"<p>Envie de donner de l&rsquo;\u00e9lan \u00e0 un projet que tu as en t\u00eate ou qui \u00e9mergera lors de cet atelier : piste d\u2019action, projet pro, associatif, de vie ou autre ? Exp\u00e9rimente cet atelier biophilis\u00e9 ! Nous voyagerons au fil des 4 mouvements d\u2019une approche appel\u00e9e le \u00ab Travail qui relie \u00bb (travail au sens &hellip; <a href=\"https:\/\/blogs.gresille.org\/auclairduquartier\/atelier-biophilise-impulser-un-projet-lundi-24-avril\/\" class=\"more-link\">Continuer la lecture de <span class=\"screen-reader-text\">Atelier biophilis\u00e9 \u00ab\u00a0impulser un projet !\u00a0\u00bb lUNDI 24 AVRIL<\/span>  <span class=\"meta-nav\">&rarr;<\/span><\/a><\/p>\n","protected":false},"author":3,"featured_media":2380,"comment_status":"closed","ping_status":"","sticky":false,"template":"","format":"standard","meta":{"footnotes":""},"categories":[269],"tags":[],"class_list":["post-2483","post","type-post","status-publish","format-standard","has-post-thumbnail","hentry","category-atelier"],"_links":{"self":[{"href":"https:\/\/blogs.gresille.org\/auclairduquartier\/wp-json\/wp\/v2\/posts\/2483","targetHints":{"allow":["GET"]}}],"collection":[{"href":"https:\/\/blogs.gresille.org\/auclairduquartier\/wp-json\/wp\/v2\/posts"}],"about":[{"href":"https:\/\/blogs.gresille.org\/auclairduquartier\/wp-json\/wp\/v2\/types\/post"}],"author":[{"embeddable":true,"href":"https:\/\/blogs.gresille.org\/auclairduquartier\/wp-json\/wp\/v2\/users\/3"}],"replies":[{"embeddable":true,"href":"https:\/\/blogs.gresille.org\/auclairduquartier\/wp-json\/wp\/v2\/comments?post=2483"}],"version-history":[{"count":5,"href":"https:\/\/blogs.gresille.org\/auclairduquartier\/wp-json\/wp\/v2\/posts\/2483\/revisions"}],"predecessor-version":[{"id":2494,"href":"https:\/\/blogs.gresille.org\/auclairduquartier\/wp-json\/wp\/v2\/posts\/2483\/revisions\/2494"}],"wp:featuredmedia":[{"embeddable":true,"href":"https:\/\/blogs.gresille.org\/auclairduquartier\/wp-json\/wp\/v2\/media\/2380"}],"wp:attachment":[{"href":"https:\/\/blogs.gresille.org\/auclairduquartier\/wp-json\/wp\/v2\/media?parent=2483"}],"wp:term":[{"taxonomy":"category","embeddable":true,"href":"https:\/\/blogs.gresille.org\/auclairduquartier\/wp-json\/wp\/v2\/categories?post=2483"},{"taxonomy":"post_tag","embeddable":true,"href":"https:\/\/blogs.gresille.org\/auclairduquartier\/wp-json\/wp\/v2\/tags?post=2483"}],"curies":[{"name":"wp","href":"https:\/\/api.w.org\/{rel}","templated":true}]}}