{"id":2238,"date":"2022-04-11T15:04:24","date_gmt":"2022-04-11T15:04:24","guid":{"rendered":"https:\/\/blogs.gresille.org\/auclairduquartier\/?p=2238"},"modified":"2022-04-14T17:15:35","modified_gmt":"2022-04-14T17:15:35","slug":"cine-vendredi-15-avril","status":"publish","type":"post","link":"https:\/\/blogs.gresille.org\/auclairduquartier\/cine-vendredi-15-avril\/","title":{"rendered":"cin\u00e9 vendredi 15 Avril : ANNUL\u00c9E pour cause de CAS COVID&#8230;"},"content":{"rendered":"\n<p class=\"has-text-align-center\"><strong>Date ult\u00e9rieure \u00e0 confirmer.<\/strong><\/p>\n\n\n\n<p class=\"has-text-align-center\">Merci de votre compr\u00e9hension et \u00e0 bient\u00f4t !<\/p>\n","protected":false},"excerpt":{"rendered":"<p>Date ult\u00e9rieure \u00e0 confirmer. Merci de votre compr\u00e9hension et \u00e0 bient\u00f4t !<\/p>\n","protected":false},"author":3,"featured_media":2239,"comment_status":"open","ping_status":"open","sticky":false,"template":"","format":"standard","meta":{"footnotes":""},"categories":[147],"tags":[261,164],"class_list":["post-2238","post","type-post","status-publish","format-standard","has-post-thumbnail","hentry","category-evenement","tag-cinema-documentaire","tag-salle-commune"],"_links":{"self":[{"href":"https:\/\/blogs.gresille.org\/auclairduquartier\/wp-json\/wp\/v2\/posts\/2238","targetHints":{"allow":["GET"]}}],"collection":[{"href":"https:\/\/blogs.gresille.org\/auclairduquartier\/wp-json\/wp\/v2\/posts"}],"about":[{"href":"https:\/\/blogs.gresille.org\/auclairduquartier\/wp-json\/wp\/v2\/types\/post"}],"author":[{"embeddable":true,"href":"https:\/\/blogs.gresille.org\/auclairduquartier\/wp-json\/wp\/v2\/users\/3"}],"replies":[{"embeddable":true,"href":"https:\/\/blogs.gresille.org\/auclairduquartier\/wp-json\/wp\/v2\/comments?post=2238"}],"version-history":[{"count":5,"href":"https:\/\/blogs.gresille.org\/auclairduquartier\/wp-json\/wp\/v2\/posts\/2238\/revisions"}],"predecessor-version":[{"id":2258,"href":"https:\/\/blogs.gresille.org\/auclairduquartier\/wp-json\/wp\/v2\/posts\/2238\/revisions\/2258"}],"wp:featuredmedia":[{"embeddable":true,"href":"https:\/\/blogs.gresille.org\/auclairduquartier\/wp-json\/wp\/v2\/media\/2239"}],"wp:attachment":[{"href":"https:\/\/blogs.gresille.org\/auclairduquartier\/wp-json\/wp\/v2\/media?parent=2238"}],"wp:term":[{"taxonomy":"category","embeddable":true,"href":"https:\/\/blogs.gresille.org\/auclairduquartier\/wp-json\/wp\/v2\/categories?post=2238"},{"taxonomy":"post_tag","embeddable":true,"href":"https:\/\/blogs.gresille.org\/auclairduquartier\/wp-json\/wp\/v2\/tags?post=2238"}],"curies":[{"name":"wp","href":"https:\/\/api.w.org\/{rel}","templated":true}]}}