{"id":2195,"date":"2022-03-07T22:08:36","date_gmt":"2022-03-07T22:08:36","guid":{"rendered":"https:\/\/blogs.gresille.org\/auclairduquartier\/?p=2195"},"modified":"2022-03-18T21:29:08","modified_gmt":"2022-03-18T21:29:08","slug":"atelier-ecofrugal-et-visite-29-3-22","status":"publish","type":"post","link":"https:\/\/blogs.gresille.org\/auclairduquartier\/atelier-ecofrugal-et-visite-29-3-22\/","title":{"rendered":"ATELIER ECOFRUGAL ET VISITE 29-3-22"},"content":{"rendered":"\n<p class=\"has-text-align-center\">Mutualiser, s&rsquo;entraider, r\u00e9duire sa consommation d&rsquo;eau et d&rsquo;\u00e9nergie\u2026<br>Cet atelier sera l&rsquo;occasion d&rsquo;\u00e9changer entre-vous pour am\u00e9liorer votre habitat et faire des \u00e9conomies ! N&rsquo;h\u00e9sitez pas \u00e0 proposer \u00e0 vos colocataires\/voisins de venir.<br>Et nous visiterons l&rsquo;habitat participatif \u00ab\u00a0Au Clair du Quartier\u00a0\u00bb (1er immeuble de France \u00e9quip\u00e9 en toilettes s\u00e8ches -\u00e0 s\u00e9paration-, chaudi\u00e8re \u00e0 granul\u00e9s bois, mutualisation des voitures et machines \u00e0 laver, etc.) : https:\/\/blogs.gresille.org\/auclairduquartier<\/p>\n\n\n\n<p class=\"has-text-align-center\">Atelier gratuit, inscription imp\u00e9rative ici\u00a0: <a href=\"https:\/\/monatelier-ecofrugal.fr\/co\/workshop\/details\/W-264\/B2axI2usUmfQWjZ7Qa9Hpa9r\/\" target=\"_blank\" rel=\"noreferrer noopener\">https:\/\/monatelier-ecofrugal.fr\/co\/workshop\/details\/W-264\/B2axI2usUmfQWjZ7Qa9Hpa9r\/<\/a><br>V\u00e9rifiez bien que votre adh\u00e9sion \u00e0 l&rsquo;atelier soit valid\u00e9e (et pas uniquement votre inscription au site).<\/p>\n\n\n\n<p class=\"has-text-align-center\">Grignotage possible pour celleux que \u00e7a tente avec ce que chacun\u2e31e aura amen\u00e9.<\/p>\n\n\n\n<figure class=\"wp-block-image size-full\"><a href=\"https:\/\/blogs.gresille.org\/auclairduquartier\/wp-content\/uploads\/sites\/3\/2020\/12\/atelier-ecofrugal.jpg\"><img loading=\"lazy\" decoding=\"async\" width=\"500\" height=\"260\" src=\"https:\/\/blogs.gresille.org\/auclairduquartier\/wp-content\/uploads\/sites\/3\/2020\/12\/atelier-ecofrugal.jpg\" alt=\"\" class=\"wp-image-1968\" srcset=\"https:\/\/blogs.gresille.org\/auclairduquartier\/wp-content\/uploads\/sites\/3\/2020\/12\/atelier-ecofrugal.jpg 500w, https:\/\/blogs.gresille.org\/auclairduquartier\/wp-content\/uploads\/sites\/3\/2020\/12\/atelier-ecofrugal-300x156.jpg 300w\" sizes=\"auto, (max-width: 500px) 100vw, 500px\" \/><\/a><\/figure>\n","protected":false},"excerpt":{"rendered":"<p>Mutualiser, s&rsquo;entraider, r\u00e9duire sa consommation d&rsquo;eau et d&rsquo;\u00e9nergie\u2026Cet atelier sera l&rsquo;occasion d&rsquo;\u00e9changer entre-vous pour am\u00e9liorer votre habitat et faire des \u00e9conomies ! N&rsquo;h\u00e9sitez pas \u00e0 proposer \u00e0 vos colocataires\/voisins de venir.Et nous visiterons l&rsquo;habitat participatif \u00ab\u00a0Au Clair du Quartier\u00a0\u00bb (1er immeuble de France \u00e9quip\u00e9 en toilettes s\u00e8ches -\u00e0 s\u00e9paration-, chaudi\u00e8re \u00e0 granul\u00e9s bois, mutualisation des &hellip; <a href=\"https:\/\/blogs.gresille.org\/auclairduquartier\/atelier-ecofrugal-et-visite-29-3-22\/\" class=\"more-link\">Continuer la lecture de <span class=\"screen-reader-text\">ATELIER ECOFRUGAL ET VISITE 29-3-22<\/span>  <span class=\"meta-nav\">&rarr;<\/span><\/a><\/p>\n","protected":false},"author":3,"featured_media":1905,"comment_status":"open","ping_status":"open","sticky":false,"template":"","format":"standard","meta":{"footnotes":""},"categories":[199],"tags":[238,250,221,213,257,206,86],"class_list":["post-2195","post","type-post","status-publish","format-standard","has-post-thumbnail","hentry","category-activite","tag-238","tag-copropriete","tag-ecofrugal","tag-ecologie","tag-habitatparticipatif","tag-toilettes-seches","tag-visite"],"_links":{"self":[{"href":"https:\/\/blogs.gresille.org\/auclairduquartier\/wp-json\/wp\/v2\/posts\/2195","targetHints":{"allow":["GET"]}}],"collection":[{"href":"https:\/\/blogs.gresille.org\/auclairduquartier\/wp-json\/wp\/v2\/posts"}],"about":[{"href":"https:\/\/blogs.gresille.org\/auclairduquartier\/wp-json\/wp\/v2\/types\/post"}],"author":[{"embeddable":true,"href":"https:\/\/blogs.gresille.org\/auclairduquartier\/wp-json\/wp\/v2\/users\/3"}],"replies":[{"embeddable":true,"href":"https:\/\/blogs.gresille.org\/auclairduquartier\/wp-json\/wp\/v2\/comments?post=2195"}],"version-history":[{"count":4,"href":"https:\/\/blogs.gresille.org\/auclairduquartier\/wp-json\/wp\/v2\/posts\/2195\/revisions"}],"predecessor-version":[{"id":2219,"href":"https:\/\/blogs.gresille.org\/auclairduquartier\/wp-json\/wp\/v2\/posts\/2195\/revisions\/2219"}],"wp:featuredmedia":[{"embeddable":true,"href":"https:\/\/blogs.gresille.org\/auclairduquartier\/wp-json\/wp\/v2\/media\/1905"}],"wp:attachment":[{"href":"https:\/\/blogs.gresille.org\/auclairduquartier\/wp-json\/wp\/v2\/media?parent=2195"}],"wp:term":[{"taxonomy":"category","embeddable":true,"href":"https:\/\/blogs.gresille.org\/auclairduquartier\/wp-json\/wp\/v2\/categories?post=2195"},{"taxonomy":"post_tag","embeddable":true,"href":"https:\/\/blogs.gresille.org\/auclairduquartier\/wp-json\/wp\/v2\/tags?post=2195"}],"curies":[{"name":"wp","href":"https:\/\/api.w.org\/{rel}","templated":true}]}}