{"id":1960,"date":"2020-09-16T10:15:36","date_gmt":"2020-09-16T10:15:36","guid":{"rendered":"https:\/\/blogs.gresille.org\/auclairduquartier\/?p=1960"},"modified":"2020-09-18T13:33:39","modified_gmt":"2020-09-18T13:33:39","slug":"journees-portes-ouvertes-de-lhabitat-participatif-18-septembre-2020-2","status":"publish","type":"post","link":"https:\/\/blogs.gresille.org\/auclairduquartier\/journees-portes-ouvertes-de-lhabitat-participatif-18-septembre-2020-2\/","title":{"rendered":"JOURN\u00c9ES PORTES OUVERTES DE L\u2019HABITAT PARTICIPATIF 18 SEPTEMBRE 2020"},"content":{"rendered":"\n<p class=\"has-text-align-center\">Que ce cache-t-il derri\u00e8re ces murs, qu&rsquo;est-ce donc qu&rsquo;un habitat participatif, comment ces individus ont-ils atterri ici ?<\/p>\n\n\n\n<p class=\"has-text-align-center\">Peut-\u00eatre pourrez-vous trouver les r\u00e9ponses \u00e0 ces questions ainsi qu&rsquo;\u00e0 d&rsquo;autres et en prime partager un moment convivial si vous nous rejoignez lors des JPO 2020.<\/p>\n\n\n\n<p class=\"has-text-align-center\">En effet nous profitons des journ\u00e9es portes ouvertes EUROPEENNES \ud83d\ude09 de l\u2019habitat participatif pour vous convier \u00e0 un <strong>ap\u00e9ro d\u00e9couverte vendredi 18 septembre entre 18h et 20h<\/strong>.<br> Au programme et en fonction des attentes : visite, \u00e9changes et grignotage<strong> participati<\/strong>f (avec ce que chacun aura eu l\u2019\u00e9lan d\u2019apporter).<\/p>\n\n\n\n<p class=\"has-text-align-center\">Ce sera notamment l\u2019occasion de vous pr\u00e9senter de quelle fa\u00e7on \u00ab&nbsp;au clair du quartier&nbsp;\u00bb est <strong>impliqu\u00e9 dans la vie de son quartier&nbsp;<\/strong>: relation au voisinage d\u00e8s l\u2019amont du projet, f\u00eates de quartier, co-organisation d\u2019\u00e9v\u00e9nements comme la \u00ab&nbsp;rue aux enfants \u2013 rue pour tous&nbsp;! \u00bb (26 septembre 2020), dynamique associative, activit\u00e9s ouvertes sur le quartier, etc.<\/p>\n\n\n\n<p class=\"has-text-align-center\">Nous vous attendrons nombreux !<\/p>\n\n\n\n<p class=\"has-text-align-center\">L&rsquo;\u00e9v\u00e9nement aura lieu principalement en ext\u00e9rieur (dans le jardin), amenez un masque au cas o\u00f9.<\/p>\n\n\n\n<div class=\"wp-block-image\"><figure class=\"aligncenter size-large is-resized\"><img loading=\"lazy\" decoding=\"async\" src=\"https:\/\/blogs.gresille.org\/auclairduquartier\/wp-content\/uploads\/sites\/3\/2020\/06\/AU-CLAIR-DU-QUARTIER-724x1024.jpg\" alt=\"\" class=\"wp-image-1900\" width=\"483\" height=\"681\" \/><\/figure><\/div>\n\n\n\n<p class=\"has-text-align-center\"><a rel=\"noreferrer noopener\" aria-label=\" (s\u2019ouvre dans un nouvel onglet)\" href=\"https:\/\/www.habitatparticipatif-france.fr\/?VoirJPO2020\" target=\"_blank\">La carte des autres portes ouvertes<\/a><\/p>\n\n\n\n<p class=\"has-text-align-center\"><a rel=\"noreferrer noopener\" aria-label=\" (s\u2019ouvre dans un nouvel onglet)\" href=\"https:\/\/fete-des-possibles.org\" target=\"_blank\">La carte de la f\u00eate des possibles 2020 (idem)<\/a><\/p>\n\n\n\n<div class=\"wp-block-image\"><figure class=\"aligncenter size-large is-resized\"><img loading=\"lazy\" decoding=\"async\" src=\"https:\/\/blogs.gresille.org\/auclairduquartier\/wp-content\/uploads\/sites\/3\/2020\/06\/Fete-des-possibles-Carr\u00e9-Bleu-1024x1024.png\" alt=\"\" class=\"wp-image-1908\" width=\"296\" height=\"292\" \/><\/figure><\/div>\n\n\n\n<p class=\"has-text-align-center\">Pour un aper\u00e7u rapide de notre immeuble (en drone et en 2mn) voil\u00e0 une petite vid\u00e9o :<\/p>\n\n\n\n<figure class=\"wp-block-embed-youtube wp-block-embed is-type-video is-provider-youtube wp-embed-aspect-16-9 wp-has-aspect-ratio\"><div class=\"wp-block-embed__wrapper\">\n<iframe loading=\"lazy\" title=\"\u00abAu clair du quartier\u00bb un habitat participatif \u00e0 Grenoble (38)\" width=\"474\" height=\"267\" src=\"https:\/\/www.youtube.com\/embed\/2jUb3CBgjxM?feature=oembed\" frameborder=\"0\" allow=\"accelerometer; autoplay; clipboard-write; encrypted-media; gyroscope; picture-in-picture; web-share\" referrerpolicy=\"strict-origin-when-cross-origin\" allowfullscreen><\/iframe>\n<\/div><\/figure>\n\n\n<p><!--EndFragment--><\/p>","protected":false},"excerpt":{"rendered":"<p>Que ce cache-t-il derri\u00e8re ces murs, qu&rsquo;est-ce donc qu&rsquo;un habitat participatif, comment ces individus ont-ils atterri ici ? Peut-\u00eatre pourrez-vous trouver les r\u00e9ponses \u00e0 ces questions ainsi qu&rsquo;\u00e0 d&rsquo;autres et en prime partager un moment convivial si vous nous rejoignez lors des JPO 2020. En effet nous profitons des journ\u00e9es portes ouvertes EUROPEENNES \ud83d\ude09 de &hellip; <a href=\"https:\/\/blogs.gresille.org\/auclairduquartier\/journees-portes-ouvertes-de-lhabitat-participatif-18-septembre-2020-2\/\" class=\"more-link\">Continuer la lecture de <span class=\"screen-reader-text\">JOURN\u00c9ES PORTES OUVERTES DE L\u2019HABITAT PARTICIPATIF 18 SEPTEMBRE 2020<\/span>  <span class=\"meta-nav\">&rarr;<\/span><\/a><\/p>\n","protected":false},"author":4,"featured_media":1552,"comment_status":"open","ping_status":"open","sticky":false,"template":"","format":"standard","meta":{"footnotes":""},"categories":[147],"tags":[204,215,172,174,86],"class_list":["post-1960","post","type-post","status-publish","format-standard","has-post-thumbnail","hentry","category-evenement","tag-204","tag-fete-des-possibles","tag-jpo","tag-portes-ouvertes","tag-visite"],"_links":{"self":[{"href":"https:\/\/blogs.gresille.org\/auclairduquartier\/wp-json\/wp\/v2\/posts\/1960","targetHints":{"allow":["GET"]}}],"collection":[{"href":"https:\/\/blogs.gresille.org\/auclairduquartier\/wp-json\/wp\/v2\/posts"}],"about":[{"href":"https:\/\/blogs.gresille.org\/auclairduquartier\/wp-json\/wp\/v2\/types\/post"}],"author":[{"embeddable":true,"href":"https:\/\/blogs.gresille.org\/auclairduquartier\/wp-json\/wp\/v2\/users\/4"}],"replies":[{"embeddable":true,"href":"https:\/\/blogs.gresille.org\/auclairduquartier\/wp-json\/wp\/v2\/comments?post=1960"}],"version-history":[{"count":3,"href":"https:\/\/blogs.gresille.org\/auclairduquartier\/wp-json\/wp\/v2\/posts\/1960\/revisions"}],"predecessor-version":[{"id":1964,"href":"https:\/\/blogs.gresille.org\/auclairduquartier\/wp-json\/wp\/v2\/posts\/1960\/revisions\/1964"}],"wp:featuredmedia":[{"embeddable":true,"href":"https:\/\/blogs.gresille.org\/auclairduquartier\/wp-json\/wp\/v2\/media\/1552"}],"wp:attachment":[{"href":"https:\/\/blogs.gresille.org\/auclairduquartier\/wp-json\/wp\/v2\/media?parent=1960"}],"wp:term":[{"taxonomy":"category","embeddable":true,"href":"https:\/\/blogs.gresille.org\/auclairduquartier\/wp-json\/wp\/v2\/categories?post=1960"},{"taxonomy":"post_tag","embeddable":true,"href":"https:\/\/blogs.gresille.org\/auclairduquartier\/wp-json\/wp\/v2\/tags?post=1960"}],"curies":[{"name":"wp","href":"https:\/\/api.w.org\/{rel}","templated":true}]}}