{"id":1950,"date":"2020-09-07T19:21:13","date_gmt":"2020-09-07T19:21:13","guid":{"rendered":"https:\/\/blogs.gresille.org\/auclairduquartier\/?p=1950"},"modified":"2020-09-07T19:21:13","modified_gmt":"2020-09-07T19:21:13","slug":"atelier-decologie-numerique","status":"publish","type":"post","link":"https:\/\/blogs.gresille.org\/auclairduquartier\/atelier-decologie-numerique\/","title":{"rendered":"ATELIER D&rsquo;ECOLOGIE NUMERIQUE"},"content":{"rendered":"<p><br \/><!--StartFragment--><\/p>\n\n\n<p>Notre salle commune accueille prochainement un nouvel atelier d&rsquo;\u00e9cologie num\u00e9rique. A vos claviers pour vous inscrire ! \ud83d\ude42<\/p>\n\n\n\n<figure class=\"wp-block-image size-large\"><a href=\"https:\/\/ddemain.com\/2020\/06\/10\/les-ateliers-econum-reprennent-rendez-vous-le-24-juin-et-17-septembre\/\" target=\"_blank\" rel=\"noreferrer noopener\"><img loading=\"lazy\" decoding=\"async\" width=\"1024\" height=\"539\" src=\"https:\/\/blogs.gresille.org\/auclairduquartier\/wp-content\/uploads\/sites\/3\/2020\/06\/Econum-1140x600-1-1024x539.png\" alt=\"\" class=\"wp-image-1895\" srcset=\"https:\/\/blogs.gresille.org\/auclairduquartier\/wp-content\/uploads\/sites\/3\/2020\/06\/Econum-1140x600-1-1024x539.png 1024w, https:\/\/blogs.gresille.org\/auclairduquartier\/wp-content\/uploads\/sites\/3\/2020\/06\/Econum-1140x600-1-300x158.png 300w, https:\/\/blogs.gresille.org\/auclairduquartier\/wp-content\/uploads\/sites\/3\/2020\/06\/Econum-1140x600-1-768x404.png 768w, https:\/\/blogs.gresille.org\/auclairduquartier\/wp-content\/uploads\/sites\/3\/2020\/06\/Econum-1140x600-1-600x316.png 600w, https:\/\/blogs.gresille.org\/auclairduquartier\/wp-content\/uploads\/sites\/3\/2020\/06\/Econum-1140x600-1.png 1140w\" sizes=\"auto, (max-width: 1024px) 100vw, 1024px\" \/><\/a><\/figure>\n\n\n\n<p class=\"has-text-align-right\">Econ[u]m, c&rsquo;est un atelier pour : prendre conscience de l\u2019impact de ce gourmand qu&rsquo;est le num\u00e9rique, identifier des actions permettant une r\u00e9elle r\u00e9duction et se mettre en action individuellement ou \u00e0 plusieurs, dans nos pratiques quotidiennes personnelles et professionnelles.<\/p>\n\n\n\n<p>DATE &amp; INSCRIPTION :<\/p>\n\n\n\n<ul class=\"wp-block-list\"><li><strong>17 septembre<\/strong>&nbsp;prochain \u00e0 Grenoble (38) \u2013 Journ\u00e9e : 9h \u2013 17h30<\/li><li>S\u2019inscrire :&nbsp;<a href=\"https:\/\/framaforms.org\/inscription-atelier-econum-1591791322\"><strong>Formulaire<\/strong><\/a><\/li><\/ul>\n\n\n\n<p>TARIFS:<\/p>\n\n\n\n<p>Particuliers : Participation consciente*<br>Professionnels : 90\u20acHT<br>Inscription obligatoire car le nombre de places est limit\u00e9<\/p>\n\n\n\n<p>Plus d\u2019informations \u2013 econum@ddemain.com \u2013 07 55 61 94 09<\/p>\n\n\n<p><!--EndFragment--><br>\n<br>\n<\/p>","protected":false},"excerpt":{"rendered":"<p>Notre salle commune accueille prochainement un nouvel atelier d&rsquo;\u00e9cologie num\u00e9rique. A vos claviers pour vous inscrire ! \ud83d\ude42 Econ[u]m, c&rsquo;est un atelier pour : prendre conscience de l\u2019impact de ce gourmand qu&rsquo;est le num\u00e9rique, identifier des actions permettant une r\u00e9elle r\u00e9duction et se mettre en action individuellement ou \u00e0 plusieurs, dans nos pratiques quotidiennes personnelles &hellip; <a href=\"https:\/\/blogs.gresille.org\/auclairduquartier\/atelier-decologie-numerique\/\" class=\"more-link\">Continuer la lecture de <span class=\"screen-reader-text\">ATELIER D&rsquo;ECOLOGIE NUMERIQUE<\/span>  <span class=\"meta-nav\">&rarr;<\/span><\/a><\/p>\n","protected":false},"author":4,"featured_media":1894,"comment_status":"open","ping_status":"open","sticky":false,"template":"","format":"standard","meta":{"footnotes":""},"categories":[2],"tags":[204,169,213,214],"class_list":["post-1950","post","type-post","status-publish","format-standard","has-post-thumbnail","hentry","category-les-nouvelles-du-projet","tag-204","tag-atelier","tag-ecologie","tag-numerique"],"_links":{"self":[{"href":"https:\/\/blogs.gresille.org\/auclairduquartier\/wp-json\/wp\/v2\/posts\/1950","targetHints":{"allow":["GET"]}}],"collection":[{"href":"https:\/\/blogs.gresille.org\/auclairduquartier\/wp-json\/wp\/v2\/posts"}],"about":[{"href":"https:\/\/blogs.gresille.org\/auclairduquartier\/wp-json\/wp\/v2\/types\/post"}],"author":[{"embeddable":true,"href":"https:\/\/blogs.gresille.org\/auclairduquartier\/wp-json\/wp\/v2\/users\/4"}],"replies":[{"embeddable":true,"href":"https:\/\/blogs.gresille.org\/auclairduquartier\/wp-json\/wp\/v2\/comments?post=1950"}],"version-history":[{"count":2,"href":"https:\/\/blogs.gresille.org\/auclairduquartier\/wp-json\/wp\/v2\/posts\/1950\/revisions"}],"predecessor-version":[{"id":1952,"href":"https:\/\/blogs.gresille.org\/auclairduquartier\/wp-json\/wp\/v2\/posts\/1950\/revisions\/1952"}],"wp:featuredmedia":[{"embeddable":true,"href":"https:\/\/blogs.gresille.org\/auclairduquartier\/wp-json\/wp\/v2\/media\/1894"}],"wp:attachment":[{"href":"https:\/\/blogs.gresille.org\/auclairduquartier\/wp-json\/wp\/v2\/media?parent=1950"}],"wp:term":[{"taxonomy":"category","embeddable":true,"href":"https:\/\/blogs.gresille.org\/auclairduquartier\/wp-json\/wp\/v2\/categories?post=1950"},{"taxonomy":"post_tag","embeddable":true,"href":"https:\/\/blogs.gresille.org\/auclairduquartier\/wp-json\/wp\/v2\/tags?post=1950"}],"curies":[{"name":"wp","href":"https:\/\/api.w.org\/{rel}","templated":true}]}}