{"id":1754,"date":"2020-01-05T22:37:52","date_gmt":"2020-01-05T22:37:52","guid":{"rendered":"https:\/\/blogs.gresille.org\/auclairduquartier\/?p=1754"},"modified":"2020-01-05T22:39:07","modified_gmt":"2020-01-05T22:39:07","slug":"non-pas-1-non-pas-2-mais-3-arbres-plantes","status":"publish","type":"post","link":"https:\/\/blogs.gresille.org\/auclairduquartier\/non-pas-1-non-pas-2-mais-3-arbres-plantes\/","title":{"rendered":"Non pas 1, non pas 2, mais 3 arbres plant\u00e9s !"},"content":{"rendered":"<p style=\"text-align: center\">La promesse (faite il y a 6 ans au permis de construire) est tenue !<\/p>\n<p style=\"text-align: center\">Apr\u00e8s avoir choisi (en 2018\u00a0 etnon sans moult tergiversations) de planter un BOULEAU comme arbre principal dans notre jardin, nous sommes enfin pass\u00e9s \u00e0 l&rsquo;action en cette fin de mois de novembre 2019, boost\u00e9s par le dicton de la Ste Catherine.<\/p>\n<p style=\"text-align: center\">Cet arbre ornemental destin\u00e9 \u00e0 \u00eatre plac\u00e9 au c\u0153ur de notre carr\u00e9 vert accompagne quelques arbres fruitiers (poiriers et prunier en espaliers ou en colonne) d\u00e9j\u00e0 plant\u00e9s l&rsquo;ann\u00e9e pr\u00e9c\u00e9dente. Un figuier se d\u00e9ploie aussi depuis quelques temps ainsi qu&rsquo;un olivier qui orne notre terrasse, la v\u00e9g\u00e9talisation continuant sa progression au fil de nos chantiers collectifs dominicaux.<\/p>\n<p><a href=\"https:\/\/blogs.gresille.org\/auclairduquartier\/wp-content\/uploads\/sites\/3\/2020\/01\/20191130_164747-1.jpg\"><img loading=\"lazy\" decoding=\"async\" class=\"alignnone  wp-image-1763\" src=\"https:\/\/blogs.gresille.org\/auclairduquartier\/wp-content\/uploads\/sites\/3\/2020\/01\/20191130_164747-1-169x300.jpg\" alt=\"\" width=\"224\" height=\"398\" srcset=\"https:\/\/blogs.gresille.org\/auclairduquartier\/wp-content\/uploads\/sites\/3\/2020\/01\/20191130_164747-1-169x300.jpg 169w, https:\/\/blogs.gresille.org\/auclairduquartier\/wp-content\/uploads\/sites\/3\/2020\/01\/20191130_164747-1.jpg 432w\" sizes=\"auto, (max-width: 224px) 100vw, 224px\" \/><\/a> <a href=\"https:\/\/blogs.gresille.org\/auclairduquartier\/wp-content\/uploads\/sites\/3\/2020\/01\/20191130_164757-1.jpg\"><img loading=\"lazy\" decoding=\"async\" class=\"alignnone  wp-image-1764\" src=\"https:\/\/blogs.gresille.org\/auclairduquartier\/wp-content\/uploads\/sites\/3\/2020\/01\/20191130_164757-1-169x300.jpg\" alt=\"\" width=\"224\" height=\"398\" srcset=\"https:\/\/blogs.gresille.org\/auclairduquartier\/wp-content\/uploads\/sites\/3\/2020\/01\/20191130_164757-1-169x300.jpg 169w, https:\/\/blogs.gresille.org\/auclairduquartier\/wp-content\/uploads\/sites\/3\/2020\/01\/20191130_164757-1.jpg 432w\" sizes=\"auto, (max-width: 224px) 100vw, 224px\" \/><\/a><a href=\"https:\/\/blogs.gresille.org\/auclairduquartier\/wp-content\/uploads\/sites\/3\/2020\/01\/20191130_164816-1.jpg\"><img loading=\"lazy\" decoding=\"async\" class=\"alignnone  wp-image-1765\" src=\"https:\/\/blogs.gresille.org\/auclairduquartier\/wp-content\/uploads\/sites\/3\/2020\/01\/20191130_164816-1-300x169.jpg\" alt=\"\" width=\"452\" height=\"254\" srcset=\"https:\/\/blogs.gresille.org\/auclairduquartier\/wp-content\/uploads\/sites\/3\/2020\/01\/20191130_164816-1-300x169.jpg 300w, https:\/\/blogs.gresille.org\/auclairduquartier\/wp-content\/uploads\/sites\/3\/2020\/01\/20191130_164816-1-768x432.jpg 768w, https:\/\/blogs.gresille.org\/auclairduquartier\/wp-content\/uploads\/sites\/3\/2020\/01\/20191130_164816-1.jpg 1024w, https:\/\/blogs.gresille.org\/auclairduquartier\/wp-content\/uploads\/sites\/3\/2020\/01\/20191130_164816-1-600x338.jpg 600w\" sizes=\"auto, (max-width: 452px) 100vw, 452px\" \/><\/a><\/p>\n<p style=\"text-align: center\">Sponsoris\u00e9s par LES HABILES et apr\u00e8s un ultime sondage pour choisir entre arbre \u00ab\u00a0en c\u00e9p\u00e9e\u00a0\u00bb ou \u00ab\u00a0en tronc unique\u00a0\u00bb, Lionel et Thomas ont parcouru les parcelles de la p\u00e9pini\u00e8re Vincent (Moirans) afin de choisir l&rsquo;heureux \u00e9lu (NDLR : les autres p\u00e9pini\u00e8res contact\u00e9es avaient subi les d\u00e9sastres de la fameuse et intense chute de neige).<\/p>\n<p style=\"text-align: center\">Comment remplacer l&rsquo;arbre en c\u00e9p\u00e9e non disponible tout en respectant la tradition qu&rsquo;un \u00ab\u00a0bouleau\u00a0\u00bb a besoin de \u00ab\u00a0compagnie\u00a0\u00bb <a href=\"https:\/\/blogs.gresille.org\/auclairduquartier\/wp-content\/uploads\/sites\/3\/2020\/01\/20191130_170413-1.jpg\"><img loading=\"lazy\" decoding=\"async\" class=\"wp-image-1771 alignright\" src=\"https:\/\/blogs.gresille.org\/auclairduquartier\/wp-content\/uploads\/sites\/3\/2020\/01\/20191130_170413-1-169x300.jpg\" alt=\"\" width=\"243\" height=\"457\" \/><\/a>(ce qui colle bien avec nos chantiers collectifs) ? Apr\u00e8s une heure d&rsquo;arpentage et sur les conseils du p\u00e9pini\u00e9riste, l&rsquo;id\u00e9e a germ\u00e9 de planter 3 petits arbres dans le m\u00eame trou, ils grandiront ensemble.<\/p>\n<p style=\"text-align: center\">Nous choisissons donc 3 petits bouleaux end\u00e9miques <em>BETULA PENDULA<\/em> selon l&rsquo;esth\u00e9tique de leur \u00e9corce et de leur port.<\/p>\n<p style=\"text-align: center\">Les tripl\u00e9s sont ensuite pr\u00e9par\u00e9s \u00e0 la p\u00e9pini\u00e8re puis r\u00e9cup\u00e9r\u00e9s par J\u00e9r\u00f4me et nous les plantons le dimanche 1er d\u00e9cembre avec les enfants pr\u00e9sents (qui ont entre autres vaillamment creus\u00e9 le trou). Ev\u00e9nement dignement et naturellement arros\u00e9 gr\u00e2ce \u00e0 des trombes d&rsquo;eau :-).<\/p>\n<p style=\"text-align: center\">Cela nous fournit aussi l&rsquo;occasion de valoriser le compost de nos WC secs !<\/p>\n<p><a href=\"https:\/\/blogs.gresille.org\/auclairduquartier\/wp-content\/uploads\/sites\/3\/2020\/01\/20191201_152209-1.jpg\"><img loading=\"lazy\" decoding=\"async\" class=\"alignnone  wp-image-1770\" src=\"https:\/\/blogs.gresille.org\/auclairduquartier\/wp-content\/uploads\/sites\/3\/2020\/01\/20191201_152209-1-300x169.jpg\" alt=\"\" width=\"580\" height=\"327\" srcset=\"https:\/\/blogs.gresille.org\/auclairduquartier\/wp-content\/uploads\/sites\/3\/2020\/01\/20191201_152209-1-300x169.jpg 300w, https:\/\/blogs.gresille.org\/auclairduquartier\/wp-content\/uploads\/sites\/3\/2020\/01\/20191201_152209-1-768x432.jpg 768w, https:\/\/blogs.gresille.org\/auclairduquartier\/wp-content\/uploads\/sites\/3\/2020\/01\/20191201_152209-1.jpg 1024w, https:\/\/blogs.gresille.org\/auclairduquartier\/wp-content\/uploads\/sites\/3\/2020\/01\/20191201_152209-1-600x338.jpg 600w\" sizes=\"auto, (max-width: 580px) 100vw, 580px\" \/><\/a><\/p>\n<p><a href=\"https:\/\/blogs.gresille.org\/auclairduquartier\/wp-content\/uploads\/sites\/3\/2020\/01\/20191201_154331-1.jpg\"><img loading=\"lazy\" decoding=\"async\" class=\"alignnone  wp-image-1769\" src=\"https:\/\/blogs.gresille.org\/auclairduquartier\/wp-content\/uploads\/sites\/3\/2020\/01\/20191201_154331-1-300x169.jpg\" alt=\"\" width=\"579\" height=\"326\" srcset=\"https:\/\/blogs.gresille.org\/auclairduquartier\/wp-content\/uploads\/sites\/3\/2020\/01\/20191201_154331-1-300x169.jpg 300w, https:\/\/blogs.gresille.org\/auclairduquartier\/wp-content\/uploads\/sites\/3\/2020\/01\/20191201_154331-1-768x432.jpg 768w, https:\/\/blogs.gresille.org\/auclairduquartier\/wp-content\/uploads\/sites\/3\/2020\/01\/20191201_154331-1.jpg 1024w, https:\/\/blogs.gresille.org\/auclairduquartier\/wp-content\/uploads\/sites\/3\/2020\/01\/20191201_154331-1-600x338.jpg 600w\" sizes=\"auto, (max-width: 579px) 100vw, 579px\" \/><\/a><\/p>\n<p><a href=\"https:\/\/blogs.gresille.org\/auclairduquartier\/wp-content\/uploads\/sites\/3\/2020\/01\/DSC07629-1.jpg\"><img loading=\"lazy\" decoding=\"async\" class=\"alignnone  wp-image-1767\" src=\"https:\/\/blogs.gresille.org\/auclairduquartier\/wp-content\/uploads\/sites\/3\/2020\/01\/DSC07629-1-200x300.jpg\" alt=\"\" width=\"579\" height=\"869\" srcset=\"https:\/\/blogs.gresille.org\/auclairduquartier\/wp-content\/uploads\/sites\/3\/2020\/01\/DSC07629-1-200x300.jpg 200w, https:\/\/blogs.gresille.org\/auclairduquartier\/wp-content\/uploads\/sites\/3\/2020\/01\/DSC07629-1.jpg 511w\" sizes=\"auto, (max-width: 579px) 100vw, 579px\" \/><\/a><\/p>\n<p><a href=\"https:\/\/blogs.gresille.org\/auclairduquartier\/wp-content\/uploads\/sites\/3\/2020\/01\/20191201_160303-1.jpg\"><img loading=\"lazy\" decoding=\"async\" class=\"alignnone  wp-image-1768\" src=\"https:\/\/blogs.gresille.org\/auclairduquartier\/wp-content\/uploads\/sites\/3\/2020\/01\/20191201_160303-1-300x169.jpg\" alt=\"\" width=\"579\" height=\"326\" srcset=\"https:\/\/blogs.gresille.org\/auclairduquartier\/wp-content\/uploads\/sites\/3\/2020\/01\/20191201_160303-1-300x169.jpg 300w, https:\/\/blogs.gresille.org\/auclairduquartier\/wp-content\/uploads\/sites\/3\/2020\/01\/20191201_160303-1-768x432.jpg 768w, https:\/\/blogs.gresille.org\/auclairduquartier\/wp-content\/uploads\/sites\/3\/2020\/01\/20191201_160303-1.jpg 1024w, https:\/\/blogs.gresille.org\/auclairduquartier\/wp-content\/uploads\/sites\/3\/2020\/01\/20191201_160303-1-600x338.jpg 600w\" sizes=\"auto, (max-width: 579px) 100vw, 579px\" \/><\/a><\/p>\n<p style=\"text-align: center\">Et 1, et 2, et 3 arbres plant\u00e9s qui nous feront de l&rsquo;ombre en p\u00e9riode estivale , des couleurs \u00e0 l&rsquo;automne, une pr\u00e9sence en hiver et de la s\u00e8ve au printemps !<\/p>\n<p><a href=\"https:\/\/blogs.gresille.org\/auclairduquartier\/wp-content\/uploads\/sites\/3\/2020\/01\/DSC07634-1-2.jpg\"><img loading=\"lazy\" decoding=\"async\" class=\"alignnone  wp-image-1760\" src=\"https:\/\/blogs.gresille.org\/auclairduquartier\/wp-content\/uploads\/sites\/3\/2020\/01\/DSC07634-1-2-300x291.jpg\" alt=\"\" width=\"582\" height=\"565\" srcset=\"https:\/\/blogs.gresille.org\/auclairduquartier\/wp-content\/uploads\/sites\/3\/2020\/01\/DSC07634-1-2-300x291.jpg 300w, https:\/\/blogs.gresille.org\/auclairduquartier\/wp-content\/uploads\/sites\/3\/2020\/01\/DSC07634-1-2-768x744.jpg 768w, https:\/\/blogs.gresille.org\/auclairduquartier\/wp-content\/uploads\/sites\/3\/2020\/01\/DSC07634-1-2-600x581.jpg 600w, https:\/\/blogs.gresille.org\/auclairduquartier\/wp-content\/uploads\/sites\/3\/2020\/01\/DSC07634-1-2.jpg 793w\" sizes=\"auto, (max-width: 582px) 100vw, 582px\" \/><\/a><\/p>\n","protected":false},"excerpt":{"rendered":"<p>La promesse (faite il y a 6 ans au permis de construire) est tenue ! Apr\u00e8s avoir choisi (en 2018\u00a0 etnon sans moult tergiversations) de planter un BOULEAU comme arbre principal dans notre jardin, nous sommes enfin pass\u00e9s \u00e0 l&rsquo;action en cette fin de mois de novembre 2019, boost\u00e9s par le dicton de la Ste &hellip; <a href=\"https:\/\/blogs.gresille.org\/auclairduquartier\/non-pas-1-non-pas-2-mais-3-arbres-plantes\/\" class=\"more-link\">Continuer la lecture de <span class=\"screen-reader-text\">Non pas 1, non pas 2, mais 3 arbres plant\u00e9s !<\/span>  <span class=\"meta-nav\">&rarr;<\/span><\/a><\/p>\n","protected":false},"author":4,"featured_media":1766,"comment_status":"open","ping_status":"open","sticky":false,"template":"","format":"standard","meta":{"footnotes":""},"categories":[28,2],"tags":[181,202,203,91],"class_list":["post-1754","post","type-post","status-publish","format-standard","has-post-thumbnail","hentry","category-chantier","category-les-nouvelles-du-projet","tag-181","tag-arbre","tag-bouleau","tag-jardin"],"_links":{"self":[{"href":"https:\/\/blogs.gresille.org\/auclairduquartier\/wp-json\/wp\/v2\/posts\/1754","targetHints":{"allow":["GET"]}}],"collection":[{"href":"https:\/\/blogs.gresille.org\/auclairduquartier\/wp-json\/wp\/v2\/posts"}],"about":[{"href":"https:\/\/blogs.gresille.org\/auclairduquartier\/wp-json\/wp\/v2\/types\/post"}],"author":[{"embeddable":true,"href":"https:\/\/blogs.gresille.org\/auclairduquartier\/wp-json\/wp\/v2\/users\/4"}],"replies":[{"embeddable":true,"href":"https:\/\/blogs.gresille.org\/auclairduquartier\/wp-json\/wp\/v2\/comments?post=1754"}],"version-history":[{"count":18,"href":"https:\/\/blogs.gresille.org\/auclairduquartier\/wp-json\/wp\/v2\/posts\/1754\/revisions"}],"predecessor-version":[{"id":1788,"href":"https:\/\/blogs.gresille.org\/auclairduquartier\/wp-json\/wp\/v2\/posts\/1754\/revisions\/1788"}],"wp:featuredmedia":[{"embeddable":true,"href":"https:\/\/blogs.gresille.org\/auclairduquartier\/wp-json\/wp\/v2\/media\/1766"}],"wp:attachment":[{"href":"https:\/\/blogs.gresille.org\/auclairduquartier\/wp-json\/wp\/v2\/media?parent=1754"}],"wp:term":[{"taxonomy":"category","embeddable":true,"href":"https:\/\/blogs.gresille.org\/auclairduquartier\/wp-json\/wp\/v2\/categories?post=1754"},{"taxonomy":"post_tag","embeddable":true,"href":"https:\/\/blogs.gresille.org\/auclairduquartier\/wp-json\/wp\/v2\/tags?post=1754"}],"curies":[{"name":"wp","href":"https:\/\/api.w.org\/{rel}","templated":true}]}}