{"id":1658,"date":"2019-07-11T14:51:26","date_gmt":"2019-07-11T14:51:26","guid":{"rendered":"https:\/\/blogs.gresille.org\/auclairduquartier\/?p=1658"},"modified":"2019-07-11T14:54:45","modified_gmt":"2019-07-11T14:54:45","slug":"enquete-epicerie-produits-locaux-et-bio-vrac-etc","status":"publish","type":"post","link":"https:\/\/blogs.gresille.org\/auclairduquartier\/enquete-epicerie-produits-locaux-et-bio-vrac-etc\/","title":{"rendered":"Enqu\u00eate \u00e9picerie produits locaux et bio (vrac, etc.)"},"content":{"rendered":"<div class=\"freebirdFormviewerViewHeaderTitleRow\">\n<div class=\"freebirdFormviewerViewHeaderTitle exportFormTitle freebirdCustomFont\" dir=\"auto\" style=\"text-align: center\">Nous vous faisons part de cette enqu\u00eate disponible jusqu&rsquo;au 30 juillet 2019 :<\/div>\n<div class=\"freebirdFormviewerViewHeaderTitle exportFormTitle freebirdCustomFont\" dir=\"auto\" style=\"text-align: center\"><a href=\"http:\/\/bit.ly\/epicerieeauxclaires\" target=\"_blank\" rel=\"noopener noreferrer\">http:\/\/bit.ly\/epicerieeauxclaires<\/a><\/div>\n<div class=\"freebirdFormviewerViewHeaderTitle exportFormTitle freebirdCustomFont\" dir=\"auto\" style=\"text-align: center\"><\/div>\n<div class=\"freebirdFormviewerViewHeaderTitle exportFormTitle freebirdCustomFont\" dir=\"auto\" style=\"text-align: center\"><\/div>\n<div class=\"freebirdFormviewerViewHeaderTitle exportFormTitle freebirdCustomFont\" dir=\"auto\" style=\"text-align: center\">Un\u00a0couple (Marie-Aude et S\u00e9bastien) habitant le quartier des Eaux Claires a le projet d&rsquo;ouvrir une \u00e9picerie de produits locaux et bio dans ce secteur de Grenoble.<\/div>\n<div class=\"freebirdFormviewerViewHeaderTitle exportFormTitle freebirdCustomFont\" dir=\"auto\" style=\"text-align: center\"><\/div>\n<div class=\"freebirdFormviewerViewHeaderTitle exportFormTitle freebirdCustomFont\" dir=\"auto\">\n<p>Ils vous remercient par avance de r\u00e9pondre \u00e0 ces quelques questions. Cela ne durera que quelques minutes et\u00a0leur permettra de conna\u00eetre vos besoins en mati\u00e8re d&rsquo;alimentation.<\/p>\n<p style=\"text-align: center\">Pour le d\u00e9veloppement du commerce de proximit\u00e9, et pour plus de lien social dans nos quartiers !<\/p>\n<\/div>\n<\/div>\n<p>&nbsp;<\/p>\n","protected":false},"excerpt":{"rendered":"<p>Nous vous faisons part de cette enqu\u00eate disponible jusqu&rsquo;au 30 juillet 2019 : http:\/\/bit.ly\/epicerieeauxclaires Un\u00a0couple (Marie-Aude et S\u00e9bastien) habitant le quartier des Eaux Claires a le projet d&rsquo;ouvrir une \u00e9picerie de produits locaux et bio dans ce secteur de Grenoble. Ils vous remercient par avance de r\u00e9pondre \u00e0 ces quelques questions. Cela ne durera que &hellip; <a href=\"https:\/\/blogs.gresille.org\/auclairduquartier\/enquete-epicerie-produits-locaux-et-bio-vrac-etc\/\" class=\"more-link\">Continuer la lecture de <span class=\"screen-reader-text\">Enqu\u00eate \u00e9picerie produits locaux et bio (vrac, etc.)<\/span>  <span class=\"meta-nav\">&rarr;<\/span><\/a><\/p>\n","protected":false},"author":4,"featured_media":0,"comment_status":"open","ping_status":"open","sticky":false,"template":"","format":"standard","meta":{"footnotes":""},"categories":[192],"tags":[181,196,193,194,195,197],"class_list":["post-1658","post","type-post","status-publish","format-standard","hentry","category-quartier","tag-181","tag-bio","tag-enquete","tag-epicerie","tag-local","tag-vrac"],"_links":{"self":[{"href":"https:\/\/blogs.gresille.org\/auclairduquartier\/wp-json\/wp\/v2\/posts\/1658","targetHints":{"allow":["GET"]}}],"collection":[{"href":"https:\/\/blogs.gresille.org\/auclairduquartier\/wp-json\/wp\/v2\/posts"}],"about":[{"href":"https:\/\/blogs.gresille.org\/auclairduquartier\/wp-json\/wp\/v2\/types\/post"}],"author":[{"embeddable":true,"href":"https:\/\/blogs.gresille.org\/auclairduquartier\/wp-json\/wp\/v2\/users\/4"}],"replies":[{"embeddable":true,"href":"https:\/\/blogs.gresille.org\/auclairduquartier\/wp-json\/wp\/v2\/comments?post=1658"}],"version-history":[{"count":4,"href":"https:\/\/blogs.gresille.org\/auclairduquartier\/wp-json\/wp\/v2\/posts\/1658\/revisions"}],"predecessor-version":[{"id":1662,"href":"https:\/\/blogs.gresille.org\/auclairduquartier\/wp-json\/wp\/v2\/posts\/1658\/revisions\/1662"}],"wp:attachment":[{"href":"https:\/\/blogs.gresille.org\/auclairduquartier\/wp-json\/wp\/v2\/media?parent=1658"}],"wp:term":[{"taxonomy":"category","embeddable":true,"href":"https:\/\/blogs.gresille.org\/auclairduquartier\/wp-json\/wp\/v2\/categories?post=1658"},{"taxonomy":"post_tag","embeddable":true,"href":"https:\/\/blogs.gresille.org\/auclairduquartier\/wp-json\/wp\/v2\/tags?post=1658"}],"curies":[{"name":"wp","href":"https:\/\/api.w.org\/{rel}","templated":true}]}}