{"id":1551,"date":"2019-03-04T08:31:52","date_gmt":"2019-03-04T08:31:52","guid":{"rendered":"https:\/\/blogs.gresille.org\/auclairduquartier\/?p=1551"},"modified":"2019-05-07T19:26:54","modified_gmt":"2019-05-07T19:26:54","slug":"une-bien-belle-photo-de-famille","status":"publish","type":"post","link":"https:\/\/blogs.gresille.org\/auclairduquartier\/une-bien-belle-photo-de-famille\/","title":{"rendered":"Une bien belle photo de famille !"},"content":{"rendered":"<p style=\"text-align: center\">D\u00e9but f\u00e9vrier, le collectif de photographes \u00ab\u00a0Trait-d&rsquo;Union\u00a0\u00bb est venu nous photographier pour nous int\u00e9grer dans une cha\u00eene humaine photographique.<\/p>\n<p style=\"text-align: center\"><a href=\"https:\/\/phototraitdunion.wixsite.com\/collectif\/11-clair-de-quartier\" target=\"_blank\" rel=\"noopener noreferrer\">Photo trait d&rsquo;union (et interview)<\/a><\/p>\n<p style=\"text-align: center\">Une belle photo de famille, m\u00eame s&rsquo;il manquait Etienne, Samuel, Coline et Yann. Zo\u00e9 nous a m\u00eame pr\u00e9cis\u00e9 qu&rsquo;il manquait aussi L\u00e9na et Ana\u00efs !<\/p>\n<p><a href=\"https:\/\/blogs.gresille.org\/auclairduquartier\/wp-content\/uploads\/sites\/3\/2019\/03\/phototraitdunionS.jpg\"><img loading=\"lazy\" decoding=\"async\" class=\"alignnone wp-image-1552\" src=\"https:\/\/blogs.gresille.org\/auclairduquartier\/wp-content\/uploads\/sites\/3\/2019\/03\/phototraitdunionS-300x292.jpg\" alt=\"\" width=\"544\" height=\"443\" \/><\/a><\/p>\n<p style=\"text-align: center\">Cette photo sera expos\u00e9e au palais des sports dans le cadre de la \u00ab\u00a0Biennale des Villes en Transition\u00a0\u00bb :<\/p>\n<p style=\"text-align: center\"><a href=\"http:\/\/villesentransition.grenoble.fr\/events\/les-habitants-de-la-transition\/\" target=\"_blank\" rel=\"noopener noreferrer\">villesentransition.grenoble.fr\/events\/les-habitants-de-la-transition\/<\/a><\/p>\n","protected":false},"excerpt":{"rendered":"<p>D\u00e9but f\u00e9vrier, le collectif de photographes \u00ab\u00a0Trait-d&rsquo;Union\u00a0\u00bb est venu nous photographier pour nous int\u00e9grer dans une cha\u00eene humaine photographique. Photo trait d&rsquo;union (et interview) Une belle photo de famille, m\u00eame s&rsquo;il manquait Etienne, Samuel, Coline et Yann. Zo\u00e9 nous a m\u00eame pr\u00e9cis\u00e9 qu&rsquo;il manquait aussi L\u00e9na et Ana\u00efs ! Cette photo sera expos\u00e9e au palais &hellip; <a href=\"https:\/\/blogs.gresille.org\/auclairduquartier\/une-bien-belle-photo-de-famille\/\" class=\"more-link\">Continuer la lecture de <span class=\"screen-reader-text\">Une bien belle photo de famille !<\/span>  <span class=\"meta-nav\">&rarr;<\/span><\/a><\/p>\n","protected":false},"author":4,"featured_media":1552,"comment_status":"open","ping_status":"open","sticky":false,"template":"","format":"standard","meta":{"footnotes":""},"categories":[2],"tags":[],"class_list":["post-1551","post","type-post","status-publish","format-standard","has-post-thumbnail","hentry","category-les-nouvelles-du-projet"],"_links":{"self":[{"href":"https:\/\/blogs.gresille.org\/auclairduquartier\/wp-json\/wp\/v2\/posts\/1551","targetHints":{"allow":["GET"]}}],"collection":[{"href":"https:\/\/blogs.gresille.org\/auclairduquartier\/wp-json\/wp\/v2\/posts"}],"about":[{"href":"https:\/\/blogs.gresille.org\/auclairduquartier\/wp-json\/wp\/v2\/types\/post"}],"author":[{"embeddable":true,"href":"https:\/\/blogs.gresille.org\/auclairduquartier\/wp-json\/wp\/v2\/users\/4"}],"replies":[{"embeddable":true,"href":"https:\/\/blogs.gresille.org\/auclairduquartier\/wp-json\/wp\/v2\/comments?post=1551"}],"version-history":[{"count":16,"href":"https:\/\/blogs.gresille.org\/auclairduquartier\/wp-json\/wp\/v2\/posts\/1551\/revisions"}],"predecessor-version":[{"id":1629,"href":"https:\/\/blogs.gresille.org\/auclairduquartier\/wp-json\/wp\/v2\/posts\/1551\/revisions\/1629"}],"wp:featuredmedia":[{"embeddable":true,"href":"https:\/\/blogs.gresille.org\/auclairduquartier\/wp-json\/wp\/v2\/media\/1552"}],"wp:attachment":[{"href":"https:\/\/blogs.gresille.org\/auclairduquartier\/wp-json\/wp\/v2\/media?parent=1551"}],"wp:term":[{"taxonomy":"category","embeddable":true,"href":"https:\/\/blogs.gresille.org\/auclairduquartier\/wp-json\/wp\/v2\/categories?post=1551"},{"taxonomy":"post_tag","embeddable":true,"href":"https:\/\/blogs.gresille.org\/auclairduquartier\/wp-json\/wp\/v2\/tags?post=1551"}],"curies":[{"name":"wp","href":"https:\/\/api.w.org\/{rel}","templated":true}]}}