{"id":1413,"date":"2018-07-27T08:22:14","date_gmt":"2018-07-27T08:22:14","guid":{"rendered":"https:\/\/blogs.gresille.org\/auclairduquartier\/?p=1413"},"modified":"2018-07-27T08:22:14","modified_gmt":"2018-07-27T08:22:14","slug":"prix-regional-de-la-construction-bois","status":"publish","type":"post","link":"https:\/\/blogs.gresille.org\/auclairduquartier\/prix-regional-de-la-construction-bois\/","title":{"rendered":"Prix r\u00e9gional de la construction bois"},"content":{"rendered":"<p style=\"text-align: center\">Le Prix R\u00e9gional de la Construction Bois r\u00e9compense chaque ann\u00e9e les plus beaux\u00a0\u00a0ouvrages bois de la r\u00e9gion Auvergne-Rh\u00f4ne-Alpes.<\/p>\n<p style=\"text-align: center\">Cette ann\u00e9e\u00a070 candidatures ont \u00e9t\u00e9 enregistr\u00e9es et un jury compos\u00e9 de professionnels a s\u00e9lectionn\u00e9 8 laur\u00e9ats dont\u00a0 \u00a0 \u00a0 \u00a0 \u00a0 \u00a0 \u00a0 \u00a0 \u00a0 \u00a0 \u00ab\u00a0au clair du quartier\u00a0\u00bb \ud83d\ude42<\/p>\n<p style=\"text-align: center\">N&rsquo;h\u00e9sitez pas \u00e0 jeter un \u0153il \u00e0 la vid\u00e9o qui avait \u00e9t\u00e9 tourn\u00e9e \u00e0 l&rsquo;aide d&rsquo;un drone et \u00e0 voter si le c\u0153ur vous en dit :<\/p>\n<p style=\"text-align: center\"><a href=\"https:\/\/www.fibois-aura.org\/construction\/coup-de-coeur-prix-regional\/\" target=\"_blank\" rel=\"noopener noreferrer\">FIBOIS Auvergne-Rh\u00f4ne-Alpes<\/a><\/p>\n<p style=\"text-align: center\"><a href=\"https:\/\/www.youtube.com\/watch?time_continue=118&amp;v=2jUb3CBgjxM\" target=\"_blank\" rel=\"noopener noreferrer\">Vid\u00e9o \u00ab\u00a0au clair du quartier\u00a0\u00bb<\/a><\/p>\n<p style=\"text-align: center\"><a href=\"https:\/\/blogs.gresille.org\/auclairduquartier\/wp-content\/uploads\/sites\/3\/2018\/07\/clair-de-quartier.jpg\"><img loading=\"lazy\" decoding=\"async\" class=\"alignnone size-full wp-image-1417\" src=\"https:\/\/blogs.gresille.org\/auclairduquartier\/wp-content\/uploads\/sites\/3\/2018\/07\/clair-de-quartier.jpg\" alt=\"\" width=\"285\" height=\"190\" \/><\/a><\/p>\n","protected":false},"excerpt":{"rendered":"<p>Le Prix R\u00e9gional de la Construction Bois r\u00e9compense chaque ann\u00e9e les plus beaux\u00a0\u00a0ouvrages bois de la r\u00e9gion Auvergne-Rh\u00f4ne-Alpes. Cette ann\u00e9e\u00a070 candidatures ont \u00e9t\u00e9 enregistr\u00e9es et un jury compos\u00e9 de professionnels a s\u00e9lectionn\u00e9 8 laur\u00e9ats dont\u00a0 \u00a0 \u00a0 \u00a0 \u00a0 \u00a0 \u00a0 \u00a0 \u00a0 \u00a0 \u00ab\u00a0au clair du quartier\u00a0\u00bb \ud83d\ude42 N&rsquo;h\u00e9sitez pas \u00e0 jeter un \u0153il &hellip; <a href=\"https:\/\/blogs.gresille.org\/auclairduquartier\/prix-regional-de-la-construction-bois\/\" class=\"more-link\">Continuer la lecture de <span class=\"screen-reader-text\">Prix r\u00e9gional de la construction bois<\/span>  <span class=\"meta-nav\">&rarr;<\/span><\/a><\/p>\n","protected":false},"author":3,"featured_media":1428,"comment_status":"open","ping_status":"open","sticky":false,"template":"","format":"standard","meta":{"footnotes":""},"categories":[29,147,2],"tags":[168,31,102,178,177,155],"class_list":["post-1413","post","type-post","status-publish","format-standard","has-post-thumbnail","hentry","category-architecture","category-evenement","category-les-nouvelles-du-projet","tag-168","tag-architecture","tag-bois","tag-fibois","tag-laureat","tag-prix"],"_links":{"self":[{"href":"https:\/\/blogs.gresille.org\/auclairduquartier\/wp-json\/wp\/v2\/posts\/1413","targetHints":{"allow":["GET"]}}],"collection":[{"href":"https:\/\/blogs.gresille.org\/auclairduquartier\/wp-json\/wp\/v2\/posts"}],"about":[{"href":"https:\/\/blogs.gresille.org\/auclairduquartier\/wp-json\/wp\/v2\/types\/post"}],"author":[{"embeddable":true,"href":"https:\/\/blogs.gresille.org\/auclairduquartier\/wp-json\/wp\/v2\/users\/3"}],"replies":[{"embeddable":true,"href":"https:\/\/blogs.gresille.org\/auclairduquartier\/wp-json\/wp\/v2\/comments?post=1413"}],"version-history":[{"count":4,"href":"https:\/\/blogs.gresille.org\/auclairduquartier\/wp-json\/wp\/v2\/posts\/1413\/revisions"}],"predecessor-version":[{"id":1425,"href":"https:\/\/blogs.gresille.org\/auclairduquartier\/wp-json\/wp\/v2\/posts\/1413\/revisions\/1425"}],"wp:featuredmedia":[{"embeddable":true,"href":"https:\/\/blogs.gresille.org\/auclairduquartier\/wp-json\/wp\/v2\/media\/1428"}],"wp:attachment":[{"href":"https:\/\/blogs.gresille.org\/auclairduquartier\/wp-json\/wp\/v2\/media?parent=1413"}],"wp:term":[{"taxonomy":"category","embeddable":true,"href":"https:\/\/blogs.gresille.org\/auclairduquartier\/wp-json\/wp\/v2\/categories?post=1413"},{"taxonomy":"post_tag","embeddable":true,"href":"https:\/\/blogs.gresille.org\/auclairduquartier\/wp-json\/wp\/v2\/tags?post=1413"}],"curies":[{"name":"wp","href":"https:\/\/api.w.org\/{rel}","templated":true}]}}