{"id":1308,"date":"2018-01-12T17:36:57","date_gmt":"2018-01-12T17:36:57","guid":{"rendered":"https:\/\/blogs.gresille.org\/auclairduquartier\/?p=1308"},"modified":"2018-01-12T17:36:57","modified_gmt":"2018-01-12T17:36:57","slug":"les-chantiers-co-cest-ca-qui-nous-faut","status":"publish","type":"post","link":"https:\/\/blogs.gresille.org\/auclairduquartier\/les-chantiers-co-cest-ca-qui-nous-faut\/","title":{"rendered":"Les Chantiers \u00ab\u00a0Co\u00a0\u00bb, c&rsquo;est \u00e7a qui nous faut !"},"content":{"rendered":"<p style=\"text-align: center\">Enfin un rdv constructif \ud83d\ude42<\/p>\n<p style=\"text-align: center\">Chaque premier dimanche du mois, on ne se r\u00e9unit pas, on travaille ! Avec ses mains, plus avec sa t\u00eate, enfin&#8230; si encore un peu.<\/p>\n<p><a href=\"https:\/\/blogs.gresille.org\/auclairduquartier\/wp-content\/uploads\/sites\/3\/2018\/01\/DSC00475.jpg\"><img loading=\"lazy\" decoding=\"async\" class=\"size-medium wp-image-1323 aligncenter\" src=\"https:\/\/blogs.gresille.org\/auclairduquartier\/wp-content\/uploads\/sites\/3\/2018\/01\/DSC00475-300x200.jpg\" alt=\"\" width=\"300\" height=\"200\" srcset=\"https:\/\/blogs.gresille.org\/auclairduquartier\/wp-content\/uploads\/sites\/3\/2018\/01\/DSC00475-300x200.jpg 300w, https:\/\/blogs.gresille.org\/auclairduquartier\/wp-content\/uploads\/sites\/3\/2018\/01\/DSC00475-768x512.jpg 768w, https:\/\/blogs.gresille.org\/auclairduquartier\/wp-content\/uploads\/sites\/3\/2018\/01\/DSC00475.jpg 1024w, https:\/\/blogs.gresille.org\/auclairduquartier\/wp-content\/uploads\/sites\/3\/2018\/01\/DSC00475-600x400.jpg 600w\" sizes=\"auto, (max-width: 300px) 100vw, 300px\" \/><\/a><\/p>\n<p style=\"text-align: center\">Depuis le mois de septembre, notre \u00ab\u00a0rentr\u00e9e\u00a0\u00bb apr\u00e8s un \u00e9t\u00e9 pour r\u00e9cup\u00e9rer de nos emm\u00e9nagements\u00a0printaniers,\u00a0voici les travaux que nous avons\u00a0r\u00e9alis\u00e9s, avec l&rsquo;aide pr\u00e9cieuse de nos associ\u00e9s, amis et\/ou voisins que nous remercions au passage.<\/p>\n<blockquote><p>Une tranch\u00e9e et un syst\u00e8me de drainage au niveau du cabanon et de l&rsquo;aire de compostage, pour \u00e9viter l&rsquo;inondation et la boue apr\u00e8s chaque pr\u00e9cipitation<\/p>\n<p><a href=\"https:\/\/blogs.gresille.org\/auclairduquartier\/wp-content\/uploads\/sites\/3\/2018\/01\/IMG_5169small.jpg\"><img loading=\"lazy\" decoding=\"async\" class=\" wp-image-1340 aligncenter\" src=\"https:\/\/blogs.gresille.org\/auclairduquartier\/wp-content\/uploads\/sites\/3\/2018\/01\/IMG_5169small-300x195.jpg\" alt=\"\" width=\"403\" height=\"262\" srcset=\"https:\/\/blogs.gresille.org\/auclairduquartier\/wp-content\/uploads\/sites\/3\/2018\/01\/IMG_5169small-300x195.jpg 300w, https:\/\/blogs.gresille.org\/auclairduquartier\/wp-content\/uploads\/sites\/3\/2018\/01\/IMG_5169small-768x500.jpg 768w, https:\/\/blogs.gresille.org\/auclairduquartier\/wp-content\/uploads\/sites\/3\/2018\/01\/IMG_5169small-1024x667.jpg 1024w, https:\/\/blogs.gresille.org\/auclairduquartier\/wp-content\/uploads\/sites\/3\/2018\/01\/IMG_5169small-600x391.jpg 600w\" sizes=\"auto, (max-width: 403px) 100vw, 403px\" \/><\/a><\/p><\/blockquote>\n<blockquote>\n<p style=\"text-align: right\"><em>la peinture du studio<\/em><\/p>\n<p><a href=\"https:\/\/blogs.gresille.org\/auclairduquartier\/wp-content\/uploads\/sites\/3\/2018\/01\/DSC00465.jpg\"><img loading=\"lazy\" decoding=\"async\" class=\"wp-image-1328 alignright\" src=\"https:\/\/blogs.gresille.org\/auclairduquartier\/wp-content\/uploads\/sites\/3\/2018\/01\/DSC00465-300x200.jpg\" alt=\"\" width=\"336\" height=\"224\" srcset=\"https:\/\/blogs.gresille.org\/auclairduquartier\/wp-content\/uploads\/sites\/3\/2018\/01\/DSC00465-300x200.jpg 300w, https:\/\/blogs.gresille.org\/auclairduquartier\/wp-content\/uploads\/sites\/3\/2018\/01\/DSC00465-768x512.jpg 768w, https:\/\/blogs.gresille.org\/auclairduquartier\/wp-content\/uploads\/sites\/3\/2018\/01\/DSC00465.jpg 1024w, https:\/\/blogs.gresille.org\/auclairduquartier\/wp-content\/uploads\/sites\/3\/2018\/01\/DSC00465-600x400.jpg 600w\" sizes=\"auto, (max-width: 336px) 100vw, 336px\" \/><\/a><\/p>\n<p>&nbsp;<\/p>\n<p>&nbsp;<\/p>\n<p>&nbsp;<\/p>\n<p>&nbsp;<\/p>\n<p>&nbsp;<\/p>\n<p>et de la buanderie<a href=\"https:\/\/blogs.gresille.org\/auclairduquartier\/wp-content\/uploads\/sites\/3\/2018\/01\/IMG_5167.jpg\"><img loading=\"lazy\" decoding=\"async\" class=\"wp-image-1337 alignleft\" src=\"https:\/\/blogs.gresille.org\/auclairduquartier\/wp-content\/uploads\/sites\/3\/2018\/01\/IMG_5167-222x300.jpg\" alt=\"\" width=\"197\" height=\"266\" srcset=\"https:\/\/blogs.gresille.org\/auclairduquartier\/wp-content\/uploads\/sites\/3\/2018\/01\/IMG_5167-222x300.jpg 222w, https:\/\/blogs.gresille.org\/auclairduquartier\/wp-content\/uploads\/sites\/3\/2018\/01\/IMG_5167-768x1040.jpg 768w, https:\/\/blogs.gresille.org\/auclairduquartier\/wp-content\/uploads\/sites\/3\/2018\/01\/IMG_5167-756x1024.jpg 756w, https:\/\/blogs.gresille.org\/auclairduquartier\/wp-content\/uploads\/sites\/3\/2018\/01\/IMG_5167-600x813.jpg 600w\" sizes=\"auto, (max-width: 197px) 100vw, 197px\" \/><\/a><\/p>\n<p>&nbsp;<\/p>\n<p>&nbsp;<\/p>\n<p>&nbsp;<\/p>\n<p>&nbsp;<\/p>\n<p>&nbsp;<\/p>\n<p><span style=\"color: #4f9be8\">la peinture \u00ab\u00a0bleue\u00a0\u00bb du hall et du pr\u00e9au (3 couches !) ainsi que le banc dans l&rsquo;entr\u00e9e<\/span><\/p>\n<p><a href=\"https:\/\/blogs.gresille.org\/auclairduquartier\/wp-content\/uploads\/sites\/3\/2018\/01\/avant.jpg\"><img loading=\"lazy\" decoding=\"async\" class=\"alignnone wp-image-1319\" src=\"https:\/\/blogs.gresille.org\/auclairduquartier\/wp-content\/uploads\/sites\/3\/2018\/01\/avant-169x300.jpg\" alt=\"\" width=\"207\" height=\"367\" srcset=\"https:\/\/blogs.gresille.org\/auclairduquartier\/wp-content\/uploads\/sites\/3\/2018\/01\/avant-169x300.jpg 169w, https:\/\/blogs.gresille.org\/auclairduquartier\/wp-content\/uploads\/sites\/3\/2018\/01\/avant-576x1024.jpg 576w, https:\/\/blogs.gresille.org\/auclairduquartier\/wp-content\/uploads\/sites\/3\/2018\/01\/avant-600x1067.jpg 600w, https:\/\/blogs.gresille.org\/auclairduquartier\/wp-content\/uploads\/sites\/3\/2018\/01\/avant.jpg 720w\" sizes=\"auto, (max-width: 207px) 100vw, 207px\" \/><\/a><a href=\"https:\/\/blogs.gresille.org\/auclairduquartier\/wp-content\/uploads\/sites\/3\/2018\/01\/apr\u00e8s.jpg\"><img loading=\"lazy\" decoding=\"async\" class=\"alignnone wp-image-1318\" src=\"https:\/\/blogs.gresille.org\/auclairduquartier\/wp-content\/uploads\/sites\/3\/2018\/01\/apr\u00e8s-169x300.jpg\" alt=\"\" width=\"204\" height=\"362\" srcset=\"https:\/\/blogs.gresille.org\/auclairduquartier\/wp-content\/uploads\/sites\/3\/2018\/01\/apr\u00e8s-169x300.jpg 169w, https:\/\/blogs.gresille.org\/auclairduquartier\/wp-content\/uploads\/sites\/3\/2018\/01\/apr\u00e8s-576x1024.jpg 576w, https:\/\/blogs.gresille.org\/auclairduquartier\/wp-content\/uploads\/sites\/3\/2018\/01\/apr\u00e8s-600x1067.jpg 600w, https:\/\/blogs.gresille.org\/auclairduquartier\/wp-content\/uploads\/sites\/3\/2018\/01\/apr\u00e8s.jpg 720w\" sizes=\"auto, (max-width: 204px) 100vw, 204px\" \/><\/a><\/p>\n<p>une tranch\u00e9e devant le pr\u00e9au pour drainer les flaques d&rsquo;eau\u00a0 stagnant en bas des escaliers<\/p>\n<p>l&rsquo;achat et l&rsquo;installation de LA cuisine dans notre salle commune<\/p>\n<p><a href=\"https:\/\/blogs.gresille.org\/auclairduquartier\/wp-content\/uploads\/sites\/3\/2018\/01\/20171210_115053.jpg\"><img loading=\"lazy\" decoding=\"async\" class=\"wp-image-1334 aligncenter\" src=\"https:\/\/blogs.gresille.org\/auclairduquartier\/wp-content\/uploads\/sites\/3\/2018\/01\/20171210_115053-300x169.jpg\" alt=\"\" width=\"426\" height=\"240\" srcset=\"https:\/\/blogs.gresille.org\/auclairduquartier\/wp-content\/uploads\/sites\/3\/2018\/01\/20171210_115053-300x169.jpg 300w, https:\/\/blogs.gresille.org\/auclairduquartier\/wp-content\/uploads\/sites\/3\/2018\/01\/20171210_115053-768x432.jpg 768w, https:\/\/blogs.gresille.org\/auclairduquartier\/wp-content\/uploads\/sites\/3\/2018\/01\/20171210_115053.jpg 1024w, https:\/\/blogs.gresille.org\/auclairduquartier\/wp-content\/uploads\/sites\/3\/2018\/01\/20171210_115053-600x338.jpg 600w\" sizes=\"auto, (max-width: 426px) 100vw, 426px\" \/><\/a><\/p>\n<p>les 3 couches d&rsquo;huiles sur les huisseries et les menuiseries bois du RDC<\/p><\/blockquote>\n<p style=\"text-align: center\">Et en plus de tout cela nous nous sommes offert\u00a0nos arceaux\u00a0\u00e0 v\u00e9los (merci \u00e0 Didier d&rsquo;Axinov) et une zinguerie (goutti\u00e8res et descentes) pour notre cabanon (merci Valentin).<\/p>\n<p><a href=\"https:\/\/blogs.gresille.org\/auclairduquartier\/wp-content\/uploads\/sites\/3\/2018\/01\/DSC00479.jpg\"><img loading=\"lazy\" decoding=\"async\" class=\"alignnone size-medium wp-image-1327\" src=\"https:\/\/blogs.gresille.org\/auclairduquartier\/wp-content\/uploads\/sites\/3\/2018\/01\/DSC00479-200x300.jpg\" alt=\"\" width=\"200\" height=\"300\" srcset=\"https:\/\/blogs.gresille.org\/auclairduquartier\/wp-content\/uploads\/sites\/3\/2018\/01\/DSC00479-200x300.jpg 200w, https:\/\/blogs.gresille.org\/auclairduquartier\/wp-content\/uploads\/sites\/3\/2018\/01\/DSC00479.jpg 512w\" sizes=\"auto, (max-width: 200px) 100vw, 200px\" \/><\/a><a href=\"https:\/\/blogs.gresille.org\/auclairduquartier\/wp-content\/uploads\/sites\/3\/2018\/01\/velos.jpg\"><img loading=\"lazy\" decoding=\"async\" class=\"wp-image-1331 alignright\" src=\"https:\/\/blogs.gresille.org\/auclairduquartier\/wp-content\/uploads\/sites\/3\/2018\/01\/velos-300x225.jpg\" alt=\"\" width=\"250\" height=\"188\" srcset=\"https:\/\/blogs.gresille.org\/auclairduquartier\/wp-content\/uploads\/sites\/3\/2018\/01\/velos-300x225.jpg 300w, https:\/\/blogs.gresille.org\/auclairduquartier\/wp-content\/uploads\/sites\/3\/2018\/01\/velos-768x576.jpg 768w, https:\/\/blogs.gresille.org\/auclairduquartier\/wp-content\/uploads\/sites\/3\/2018\/01\/velos.jpg 1024w, https:\/\/blogs.gresille.org\/auclairduquartier\/wp-content\/uploads\/sites\/3\/2018\/01\/velos-600x450.jpg 600w\" sizes=\"auto, (max-width: 250px) 100vw, 250px\" \/><\/a><\/p>\n<p style=\"text-align: center\">Ces chantiers collectifs sont\u00a0aussi l&rsquo;occasion de passer du temps tous ensembles,\u00a0y compris\u00a0les enfants (qu&rsquo;on fait bosser un peu quand m\u00eame) dans une ambiance \u00ab\u00a0chaleureuse et d\u00e9contract\u00e9e\u00a0\u00bb (on va pas se mettre la pression, hein !) et de se faire une bonne bouffe entre voisins\u00a0et un ap\u00e9ro d\u00e9briefing en fin de session !<\/p>\n<p><a href=\"https:\/\/blogs.gresille.org\/auclairduquartier\/wp-content\/uploads\/sites\/3\/2018\/01\/20171105_133624.jpg\"><img loading=\"lazy\" decoding=\"async\" class=\"alignnone wp-image-1314\" src=\"https:\/\/blogs.gresille.org\/auclairduquartier\/wp-content\/uploads\/sites\/3\/2018\/01\/20171105_133624-300x169.jpg\" alt=\"\" width=\"462\" height=\"260\" srcset=\"https:\/\/blogs.gresille.org\/auclairduquartier\/wp-content\/uploads\/sites\/3\/2018\/01\/20171105_133624-300x169.jpg 300w, https:\/\/blogs.gresille.org\/auclairduquartier\/wp-content\/uploads\/sites\/3\/2018\/01\/20171105_133624-768x432.jpg 768w, https:\/\/blogs.gresille.org\/auclairduquartier\/wp-content\/uploads\/sites\/3\/2018\/01\/20171105_133624-1024x576.jpg 1024w, https:\/\/blogs.gresille.org\/auclairduquartier\/wp-content\/uploads\/sites\/3\/2018\/01\/20171105_133624-600x338.jpg 600w, https:\/\/blogs.gresille.org\/auclairduquartier\/wp-content\/uploads\/sites\/3\/2018\/01\/20171105_133624.jpg 1280w\" sizes=\"auto, (max-width: 462px) 100vw, 462px\" \/><\/a><\/p>\n","protected":false},"excerpt":{"rendered":"<p>Enfin un rdv constructif \ud83d\ude42 Chaque premier dimanche du mois, on ne se r\u00e9unit pas, on travaille ! Avec ses mains, plus avec sa t\u00eate, enfin&#8230; si encore un peu. Depuis le mois de septembre, notre \u00ab\u00a0rentr\u00e9e\u00a0\u00bb apr\u00e8s un \u00e9t\u00e9 pour r\u00e9cup\u00e9rer de nos emm\u00e9nagements\u00a0printaniers,\u00a0voici les travaux que nous avons\u00a0r\u00e9alis\u00e9s, avec l&rsquo;aide pr\u00e9cieuse de nos &hellip; <a href=\"https:\/\/blogs.gresille.org\/auclairduquartier\/les-chantiers-co-cest-ca-qui-nous-faut\/\" class=\"more-link\">Continuer la lecture de <span class=\"screen-reader-text\">Les Chantiers \u00ab\u00a0Co\u00a0\u00bb, c&rsquo;est \u00e7a qui nous faut !<\/span>  <span class=\"meta-nav\">&rarr;<\/span><\/a><\/p>\n","protected":false},"author":4,"featured_media":1324,"comment_status":"open","ping_status":"open","sticky":false,"template":"","format":"standard","meta":{"footnotes":""},"categories":[29,28,2],"tags":[168,132,37,88],"class_list":["post-1308","post","type-post","status-publish","format-standard","has-post-thumbnail","hentry","category-architecture","category-chantier","category-les-nouvelles-du-projet","tag-168","tag-architecte","tag-chantier","tag-collectif"],"_links":{"self":[{"href":"https:\/\/blogs.gresille.org\/auclairduquartier\/wp-json\/wp\/v2\/posts\/1308","targetHints":{"allow":["GET"]}}],"collection":[{"href":"https:\/\/blogs.gresille.org\/auclairduquartier\/wp-json\/wp\/v2\/posts"}],"about":[{"href":"https:\/\/blogs.gresille.org\/auclairduquartier\/wp-json\/wp\/v2\/types\/post"}],"author":[{"embeddable":true,"href":"https:\/\/blogs.gresille.org\/auclairduquartier\/wp-json\/wp\/v2\/users\/4"}],"replies":[{"embeddable":true,"href":"https:\/\/blogs.gresille.org\/auclairduquartier\/wp-json\/wp\/v2\/comments?post=1308"}],"version-history":[{"count":13,"href":"https:\/\/blogs.gresille.org\/auclairduquartier\/wp-json\/wp\/v2\/posts\/1308\/revisions"}],"predecessor-version":[{"id":1344,"href":"https:\/\/blogs.gresille.org\/auclairduquartier\/wp-json\/wp\/v2\/posts\/1308\/revisions\/1344"}],"wp:featuredmedia":[{"embeddable":true,"href":"https:\/\/blogs.gresille.org\/auclairduquartier\/wp-json\/wp\/v2\/media\/1324"}],"wp:attachment":[{"href":"https:\/\/blogs.gresille.org\/auclairduquartier\/wp-json\/wp\/v2\/media?parent=1308"}],"wp:term":[{"taxonomy":"category","embeddable":true,"href":"https:\/\/blogs.gresille.org\/auclairduquartier\/wp-json\/wp\/v2\/categories?post=1308"},{"taxonomy":"post_tag","embeddable":true,"href":"https:\/\/blogs.gresille.org\/auclairduquartier\/wp-json\/wp\/v2\/tags?post=1308"}],"curies":[{"name":"wp","href":"https:\/\/api.w.org\/{rel}","templated":true}]}}