{"id":1274,"date":"2017-10-20T09:38:03","date_gmt":"2017-10-20T09:38:03","guid":{"rendered":"https:\/\/blogs.gresille.org\/auclairduquartier\/?p=1274"},"modified":"2017-10-30T14:50:09","modified_gmt":"2017-10-30T14:50:09","slug":"vendredi-17-novembre-2017-a-18h-apero-sur-le-theme-de-la-mutualisation-de-vehicules","status":"publish","type":"post","link":"https:\/\/blogs.gresille.org\/auclairduquartier\/vendredi-17-novembre-2017-a-18h-apero-sur-le-theme-de-la-mutualisation-de-vehicules\/","title":{"rendered":"Vendredi 17 novembre 2017 \u00e0 18h &#8211; Ap\u00e9ro sur le th\u00e8me de la mutualisation de v\u00e9hicules"},"content":{"rendered":"<p>Le groupe d\u2019habitants \u00ab\u00a0AU CLAIR DU QUARTIER\u00a0\u00bb et la coop\u00e9rative <a href=\"https:\/\/www.facebook.com\/citizalpesloire\/?hc_ref=ARSjCjVdldjOtTZEWIY7yyLuM41sL3ux_n2WT6Hahhb5wNDjd4J7hg0RhjC-f6pn5Yw\" target=\"_blank\" rel=\"noopener noreferrer\">CITIZ Alpes Loire<\/a> invitent leur voisinage et les personnes int\u00e9ress\u00e9es par la mutualisation de v\u00e9hicules \u00e0 \u00e9changer sur cette d\u00e9marche autour d\u2019un buffet\u00a0participatif (verres et couverts fournis, contenu fourni par les \u00e9lans de chacun \ud83d\ude42).<\/p>\n<p style=\"text-align: center\"><a href=\"https:\/\/blogs.gresille.org\/auclairduquartier\/wp-content\/uploads\/sites\/3\/2017\/10\/Citiz_Station_1.jpg\"><img loading=\"lazy\" decoding=\"async\" class=\"alignnone  wp-image-1305\" src=\"https:\/\/blogs.gresille.org\/auclairduquartier\/wp-content\/uploads\/sites\/3\/2017\/10\/Citiz_Station_1-300x200.jpg\" alt=\"\" width=\"282\" height=\"188\" srcset=\"https:\/\/blogs.gresille.org\/auclairduquartier\/wp-content\/uploads\/sites\/3\/2017\/10\/Citiz_Station_1-300x200.jpg 300w, https:\/\/blogs.gresille.org\/auclairduquartier\/wp-content\/uploads\/sites\/3\/2017\/10\/Citiz_Station_1-768x512.jpg 768w, https:\/\/blogs.gresille.org\/auclairduquartier\/wp-content\/uploads\/sites\/3\/2017\/10\/Citiz_Station_1-1024x683.jpg 1024w, https:\/\/blogs.gresille.org\/auclairduquartier\/wp-content\/uploads\/sites\/3\/2017\/10\/Citiz_Station_1-600x400.jpg 600w, https:\/\/blogs.gresille.org\/auclairduquartier\/wp-content\/uploads\/sites\/3\/2017\/10\/Citiz_Station_1.jpg 1417w\" sizes=\"auto, (max-width: 282px) 100vw, 282px\" \/><\/a><\/p>\n<p>Apr\u00e8s une pr\u00e9sentation du fonctionnement des diff\u00e9rents types de mutualisations de v\u00e9hicules pratiqu\u00e9s au sein du collectif d&rsquo;habitants et avec CITIZ, les participants r\u00e9pondront aux questions pour initier un \u00e9change sur le th\u00e8me.<\/p>\n<p style=\"text-align: center\"><a href=\"https:\/\/blogs.gresille.org\/auclairduquartier\/wp-content\/uploads\/sites\/3\/2017\/04\/repas-de-quartier-2.jpg\"><img loading=\"lazy\" decoding=\"async\" class=\"alignnone wp-image-1167\" src=\"https:\/\/blogs.gresille.org\/auclairduquartier\/wp-content\/uploads\/sites\/3\/2017\/04\/repas-de-quartier-2-300x200.jpg\" alt=\"\" width=\"255\" height=\"170\" srcset=\"https:\/\/blogs.gresille.org\/auclairduquartier\/wp-content\/uploads\/sites\/3\/2017\/04\/repas-de-quartier-2-300x200.jpg 300w, https:\/\/blogs.gresille.org\/auclairduquartier\/wp-content\/uploads\/sites\/3\/2017\/04\/repas-de-quartier-2.jpg 425w\" sizes=\"auto, (max-width: 255px) 100vw, 255px\" \/><\/a><\/p>\n<p><span style=\"color: #339966\"><strong>Pour en savoir plus&#8230;<\/strong><\/span><\/p>\n<p>Pour leurs d\u00e9placements, les 5 familles d&rsquo;AU CLAIR DU QUARTIER utilisent au maximum v\u00e9lo, transports en communs et covoiturage ; elles mutualisent \u00e9galement 2 voitures (pour 8 adultes et 8 enfants) ainsi qu\u2019une remorque \u00e0 v\u00e9lo et ont recours aux v\u00e9hicules de CITIZ ou d\u2019amis en cas de besoin. Partageant ainsi des v\u00e9hicules depuis une dizaine d\u2019ann\u00e9es, celles-ci ont rod\u00e9 le fonctionnement\u00a0entre gestion des r\u00e9servations, entretien et \u00e9valuation des frais kilom\u00e9triques tout en \u00e9tablissant des r\u00e8gles pour que chacun s\u2019y retrouve.<\/p>\n<p><a href=\"https:\/\/alpes-loire.citiz.coop\" target=\"_blank\" rel=\"noopener noreferrer\">CITIZ<\/a> de son c\u00f4t\u00e9 propose diff\u00e9rentes formes d&rsquo;autopartage, pour des voitures \u00e0 la carte accessibles en libre-service.<\/p>\n<p style=\"text-align: center\"><a href=\"https:\/\/blogs.gresille.org\/auclairduquartier\/wp-content\/uploads\/sites\/3\/2017\/10\/citiz_RVB.jpg\"><img loading=\"lazy\" decoding=\"async\" class=\"alignnone wp-image-1286\" src=\"https:\/\/blogs.gresille.org\/auclairduquartier\/wp-content\/uploads\/sites\/3\/2017\/10\/citiz_RVB-300x94.jpg\" alt=\"\" width=\"214\" height=\"67\" srcset=\"https:\/\/blogs.gresille.org\/auclairduquartier\/wp-content\/uploads\/sites\/3\/2017\/10\/citiz_RVB-300x94.jpg 300w, https:\/\/blogs.gresille.org\/auclairduquartier\/wp-content\/uploads\/sites\/3\/2017\/10\/citiz_RVB-768x241.jpg 768w, https:\/\/blogs.gresille.org\/auclairduquartier\/wp-content\/uploads\/sites\/3\/2017\/10\/citiz_RVB-1024x321.jpg 1024w, https:\/\/blogs.gresille.org\/auclairduquartier\/wp-content\/uploads\/sites\/3\/2017\/10\/citiz_RVB-600x188.jpg 600w, https:\/\/blogs.gresille.org\/auclairduquartier\/wp-content\/uploads\/sites\/3\/2017\/10\/citiz_RVB.jpg 1227w\" sizes=\"auto, (max-width: 214px) 100vw, 214px\" \/><\/a><\/p>\n<p>Quelques articles sur l&rsquo;autopartage :<\/p>\n<p><a href=\"http:\/\/www.buzzecolo.com\/12567\/autopartage-carsharing\/\" target=\"_blank\" rel=\"noopener noreferrer\">L\u2019autopartage (ou carsharing) devient tendance\u2026<\/a><\/p>\n<p><a href=\"https:\/\/www.metromobilite.fr\/pages\/VoiturePartag\u00e9e.html\" target=\"_blank\" rel=\"noopener noreferrer\">METROMOBILITE<\/a><\/p>\n<p><a href=\"http:\/\/www.jeplaquemacaisse.com\" target=\"_blank\" rel=\"noopener noreferrer\">je plaque ma caisse<\/a><\/p>\n<p>Cliquez sur l&rsquo;invitation pour mieux la voir :<\/p>\n<p><a href=\"https:\/\/blogs.gresille.org\/auclairduquartier\/wp-content\/uploads\/sites\/3\/2017\/10\/INVIT-CITIZ-copier.jpg\"><img loading=\"lazy\" decoding=\"async\" class=\"alignnone size-full wp-image-1301\" src=\"https:\/\/blogs.gresille.org\/auclairduquartier\/wp-content\/uploads\/sites\/3\/2017\/10\/INVIT-CITIZ-copier.jpg\" alt=\"\" width=\"2362\" height=\"886\" srcset=\"https:\/\/blogs.gresille.org\/auclairduquartier\/wp-content\/uploads\/sites\/3\/2017\/10\/INVIT-CITIZ-copier.jpg 2362w, https:\/\/blogs.gresille.org\/auclairduquartier\/wp-content\/uploads\/sites\/3\/2017\/10\/INVIT-CITIZ-copier-300x113.jpg 300w, https:\/\/blogs.gresille.org\/auclairduquartier\/wp-content\/uploads\/sites\/3\/2017\/10\/INVIT-CITIZ-copier-768x288.jpg 768w, https:\/\/blogs.gresille.org\/auclairduquartier\/wp-content\/uploads\/sites\/3\/2017\/10\/INVIT-CITIZ-copier-1024x384.jpg 1024w, https:\/\/blogs.gresille.org\/auclairduquartier\/wp-content\/uploads\/sites\/3\/2017\/10\/INVIT-CITIZ-copier-600x225.jpg 600w\" sizes=\"auto, (max-width: 2362px) 100vw, 2362px\" \/><\/a><\/p>\n","protected":false},"excerpt":{"rendered":"<p>Le groupe d\u2019habitants \u00ab\u00a0AU CLAIR DU QUARTIER\u00a0\u00bb et la coop\u00e9rative CITIZ Alpes Loire invitent leur voisinage et les personnes int\u00e9ress\u00e9es par la mutualisation de v\u00e9hicules \u00e0 \u00e9changer sur cette d\u00e9marche autour d\u2019un buffet\u00a0participatif (verres et couverts fournis, contenu fourni par les \u00e9lans de chacun \ud83d\ude42). Apr\u00e8s une pr\u00e9sentation du fonctionnement des diff\u00e9rents types de mutualisations &hellip; <a href=\"https:\/\/blogs.gresille.org\/auclairduquartier\/vendredi-17-novembre-2017-a-18h-apero-sur-le-theme-de-la-mutualisation-de-vehicules\/\" class=\"more-link\">Continuer la lecture de <span class=\"screen-reader-text\">Vendredi 17 novembre 2017 \u00e0 18h &#8211; Ap\u00e9ro sur le th\u00e8me de la mutualisation de v\u00e9hicules<\/span>  <span class=\"meta-nav\">&rarr;<\/span><\/a><\/p>\n","protected":false},"author":4,"featured_media":1301,"comment_status":"open","ping_status":"open","sticky":false,"template":"","format":"standard","meta":{"footnotes":""},"categories":[147],"tags":[143,165,166,167],"class_list":["post-1274","post","type-post","status-publish","format-standard","has-post-thumbnail","hentry","category-evenement","tag-143","tag-citiz","tag-mutualisation","tag-vehicules"],"_links":{"self":[{"href":"https:\/\/blogs.gresille.org\/auclairduquartier\/wp-json\/wp\/v2\/posts\/1274","targetHints":{"allow":["GET"]}}],"collection":[{"href":"https:\/\/blogs.gresille.org\/auclairduquartier\/wp-json\/wp\/v2\/posts"}],"about":[{"href":"https:\/\/blogs.gresille.org\/auclairduquartier\/wp-json\/wp\/v2\/types\/post"}],"author":[{"embeddable":true,"href":"https:\/\/blogs.gresille.org\/auclairduquartier\/wp-json\/wp\/v2\/users\/4"}],"replies":[{"embeddable":true,"href":"https:\/\/blogs.gresille.org\/auclairduquartier\/wp-json\/wp\/v2\/comments?post=1274"}],"version-history":[{"count":18,"href":"https:\/\/blogs.gresille.org\/auclairduquartier\/wp-json\/wp\/v2\/posts\/1274\/revisions"}],"predecessor-version":[{"id":1304,"href":"https:\/\/blogs.gresille.org\/auclairduquartier\/wp-json\/wp\/v2\/posts\/1274\/revisions\/1304"}],"wp:featuredmedia":[{"embeddable":true,"href":"https:\/\/blogs.gresille.org\/auclairduquartier\/wp-json\/wp\/v2\/media\/1301"}],"wp:attachment":[{"href":"https:\/\/blogs.gresille.org\/auclairduquartier\/wp-json\/wp\/v2\/media?parent=1274"}],"wp:term":[{"taxonomy":"category","embeddable":true,"href":"https:\/\/blogs.gresille.org\/auclairduquartier\/wp-json\/wp\/v2\/categories?post=1274"},{"taxonomy":"post_tag","embeddable":true,"href":"https:\/\/blogs.gresille.org\/auclairduquartier\/wp-json\/wp\/v2\/tags?post=1274"}],"curies":[{"name":"wp","href":"https:\/\/api.w.org\/{rel}","templated":true}]}}