{"id":1255,"date":"2017-10-17T18:49:22","date_gmt":"2017-10-17T18:49:22","guid":{"rendered":"https:\/\/blogs.gresille.org\/auclairduquartier\/?p=1255"},"modified":"2017-10-20T09:27:13","modified_gmt":"2017-10-20T09:27:13","slug":"deposez-vos-pensees-sur-le-tapis-avec-yoga-by-lu-ou-creez-a-tout-va-avec-crealab","status":"publish","type":"post","link":"https:\/\/blogs.gresille.org\/auclairduquartier\/deposez-vos-pensees-sur-le-tapis-avec-yoga-by-lu-ou-creez-a-tout-va-avec-crealab\/","title":{"rendered":"D\u00e9posez vos pens\u00e9es sur le tapis avec \u00ab\u00a0Yoga by Lu\u00a0\u00bb ou cr\u00e9ez \u00e0 tout va avec \u00ab\u00a0CREA&rsquo;Lab\u00a0\u00bb"},"content":{"rendered":"<p style=\"text-align: left\">\u00c7a y est, nous avons\u00a0le plaisir de mettre \u00e0 disposition notre salle commune\u00a0\u00a0en accueillant\u00a0deux\u00a0activit\u00e9s ouvertes \u00e0 l&rsquo;ext\u00e9rieur !<\/p>\n<p>Forte d&rsquo;un parcours unique, Lucile propose de vous faire d\u00e9couvrir ou red\u00e9couvrir la pratique du yoga chaque vendredi midi. Nous vous recommandons vivement de go\u00fbter \u00e0 ses s\u00e9ances, d&rsquo;autant qu&rsquo;elle propose un cours d&rsquo;essai ce vendredi :<\/p>\n<p>https:\/\/www.facebook.com\/YogabyLu\/photos\/a.150363348888552.1073741828.149525455639008\/159657651292455\/?type=3&#038;theater<\/p>\n<p>Pour en savoir plus cliquez ici, son site\u00a0vous donnera un aper\u00e7u de son bel \u00e9lan pour vous guider sur la voie du yoga\u00a0:\u00a0<a href=\"https:\/\/www.yogabylu.com\" target=\"_blank\" rel=\"noopener noreferrer\">Yoga by Lu<\/a><\/p>\n<p>Et gr\u00e2ce aux multiples mat\u00e9riaux de Christine ainsi qu&rsquo;\u00e0 ses comp\u00e9tences et son accompagnement soutenant, adultes et enfants\u00a0pourront permettre \u00e0 leur\u00a0cr\u00e9ativit\u00e9 parfois insoup\u00e7onn\u00e9e de s&rsquo;exprimer g\u00e9n\u00e9reusement dans la mati\u00e8re et ce un mardi par mois (avec en prime une s\u00e9ance offerte !).<\/p>\n<p>Jetez un \u0153il \u00e0 son site, si \u00e7a ne vous fait pas\u00a0r\u00eaver\u00a0il ne vous reste plus qu&rsquo;\u00e0 partir aux Bahamas \ud83d\ude42 :\u00a0<a href=\"http:\/\/crealab-grenoble.strikingly.com\" target=\"_blank\" rel=\"noopener noreferrer\">CREA&rsquo;Lab<\/a><\/p>\n<p><strong>Voil\u00e0 le programme du mardi 28 novembre :<\/strong><\/p>\n<ul>\n<li>Atelier enfants (8-12 ans) de 16h45 \u00e0 18h45 : techniques de gravure<\/li>\n<li>Atelier ados-adultes (\u00e0 partir de 13 ans) de 19 \u00e0 21h : cartonnage (boites, carnets, etc.)<\/li>\n<\/ul>\n<p><a href=\"https:\/\/blogs.gresille.org\/auclairduquartier\/wp-content\/uploads\/sites\/3\/2017\/10\/img_2207.jpg\"><img loading=\"lazy\" decoding=\"async\" class=\"size-full wp-image-1263 aligncenter\" src=\"https:\/\/blogs.gresille.org\/auclairduquartier\/wp-content\/uploads\/sites\/3\/2017\/10\/img_2207.jpg\" alt=\"\" width=\"151\" height=\"201\" \/><\/a><\/p>\n<p><strong>Au plaisir de vous y rencontrer bient\u00f4t !!!<\/strong><\/p>\n","protected":false},"excerpt":{"rendered":"<p>\u00c7a y est, nous avons\u00a0le plaisir de mettre \u00e0 disposition notre salle commune\u00a0\u00a0en accueillant\u00a0deux\u00a0activit\u00e9s ouvertes \u00e0 l&rsquo;ext\u00e9rieur ! Forte d&rsquo;un parcours unique, Lucile propose de vous faire d\u00e9couvrir ou red\u00e9couvrir la pratique du yoga chaque vendredi midi. Nous vous recommandons vivement de go\u00fbter \u00e0 ses s\u00e9ances, d&rsquo;autant qu&rsquo;elle propose un cours d&rsquo;essai ce vendredi : &hellip; <a href=\"https:\/\/blogs.gresille.org\/auclairduquartier\/deposez-vos-pensees-sur-le-tapis-avec-yoga-by-lu-ou-creez-a-tout-va-avec-crealab\/\" class=\"more-link\">Continuer la lecture de <span class=\"screen-reader-text\">D\u00e9posez vos pens\u00e9es sur le tapis avec \u00ab\u00a0Yoga by Lu\u00a0\u00bb ou cr\u00e9ez \u00e0 tout va avec \u00ab\u00a0CREA&rsquo;Lab\u00a0\u00bb<\/span>  <span class=\"meta-nav\">&rarr;<\/span><\/a><\/p>\n","protected":false},"author":4,"featured_media":0,"comment_status":"open","ping_status":"open","sticky":false,"template":"","format":"standard","meta":{"footnotes":""},"categories":[147],"tags":[160,162,163,164,161],"class_list":["post-1255","post","type-post","status-publish","format-standard","hentry","category-evenement","tag-activite","tag-crealab","tag-creativite","tag-salle-commune","tag-yoga"],"_links":{"self":[{"href":"https:\/\/blogs.gresille.org\/auclairduquartier\/wp-json\/wp\/v2\/posts\/1255","targetHints":{"allow":["GET"]}}],"collection":[{"href":"https:\/\/blogs.gresille.org\/auclairduquartier\/wp-json\/wp\/v2\/posts"}],"about":[{"href":"https:\/\/blogs.gresille.org\/auclairduquartier\/wp-json\/wp\/v2\/types\/post"}],"author":[{"embeddable":true,"href":"https:\/\/blogs.gresille.org\/auclairduquartier\/wp-json\/wp\/v2\/users\/4"}],"replies":[{"embeddable":true,"href":"https:\/\/blogs.gresille.org\/auclairduquartier\/wp-json\/wp\/v2\/comments?post=1255"}],"version-history":[{"count":19,"href":"https:\/\/blogs.gresille.org\/auclairduquartier\/wp-json\/wp\/v2\/posts\/1255\/revisions"}],"predecessor-version":[{"id":1294,"href":"https:\/\/blogs.gresille.org\/auclairduquartier\/wp-json\/wp\/v2\/posts\/1255\/revisions\/1294"}],"wp:attachment":[{"href":"https:\/\/blogs.gresille.org\/auclairduquartier\/wp-json\/wp\/v2\/media?parent=1255"}],"wp:term":[{"taxonomy":"category","embeddable":true,"href":"https:\/\/blogs.gresille.org\/auclairduquartier\/wp-json\/wp\/v2\/categories?post=1255"},{"taxonomy":"post_tag","embeddable":true,"href":"https:\/\/blogs.gresille.org\/auclairduquartier\/wp-json\/wp\/v2\/tags?post=1255"}],"curies":[{"name":"wp","href":"https:\/\/api.w.org\/{rel}","templated":true}]}}