{"id":125,"date":"2015-08-28T12:39:22","date_gmt":"2015-08-28T12:39:22","guid":{"rendered":"http:\/\/blogs.gresille.org\/auclairduquartier\/?p=125"},"modified":"2016-01-02T22:18:04","modified_gmt":"2016-01-02T22:18:04","slug":"un-week-end-hg-a-habiterre","status":"publish","type":"post","link":"https:\/\/blogs.gresille.org\/auclairduquartier\/un-week-end-hg-a-habiterre\/","title":{"rendered":"Pour patienter, un week-end \u00e0 Habiterre&#8230;"},"content":{"rendered":"<p>Pour ce premier week-end des vacances d&rsquo;\u00e9t\u00e9 nous\u00a0nous retrouvons \u00e0 Habiterre, \u00a0habitat group\u00e9 de r\u00e9f\u00e9rence dans le Diois (<a href=\"http:\/\/www.habiterre.org\/\" target=\"_blank\">Habiterre<\/a>).<\/p>\n<p>La chaleur est au rendez-vous mais nous appr\u00e9cions les locaux, le site magnifique et l&rsquo;accueil chaleureux. La salle collective (r\u00e9guli\u00e8rement\u00a0mise \u00e0 disposition \u00e0\u00a0des personnes ext\u00e9rieures) est immense et\u00a0s\u00e9duit petits et grands. Sans parler du paysage, de l&rsquo;esth\u00e9tique digne d&rsquo;un magazine de d\u00e9coration et des mat\u00e9riaux naturels (le bois et l&rsquo;argile par exemple\u00a0sont \u00e0 l&rsquo;honneur). Ce site fait r\u00eaver !<\/p>\n<p>Ce week-end de travail s&rsquo;annonce plus \u00ab\u00a0l\u00e9ger\u00a0\u00bb que d&rsquo;habitude avec quelques r\u00e9unions uniquement le samedi, suivies le soir d&rsquo;une savoureuse\u00a0soir\u00e9e pizza (cuites dans le four \u00e0 pain) avec quelques-uns de nos h\u00f4tes. Merci encore notamment \u00e0 Marc pour l&rsquo;accueil, la p\u00e2te \u00e0 pizza, etc. Le dimanche, programme\u00a0d\u00e9tente avec baignade dans la Dr\u00f4me, visite de l&rsquo;ensemble du lieu&#8230;<\/p>\n<p>Bref un week-end ressour\u00e7ant qui nous remotive en d\u00e9pit\u00a0d&rsquo;un feu vert de la banque qui se fait attendre (afin de\u00a0pouvoir acheter le terrain et d\u00e9marrer le chantier).<\/p>\n<p>&nbsp;<\/p>\n<div id='gallery-1' class='gallery galleryid-125 gallery-columns-4 gallery-size-thumbnail'><figure class='gallery-item'>\n\t\t\t<div class='gallery-icon landscape'>\n\t\t\t\t<a href='https:\/\/blogs.gresille.org\/auclairduquartier\/un-week-end-hg-a-habiterre\/dscn2678\/'><img loading=\"lazy\" decoding=\"async\" width=\"150\" height=\"150\" src=\"https:\/\/blogs.gresille.org\/auclairduquartier\/wp-content\/uploads\/sites\/3\/2015\/08\/DSCN2678-150x150.jpg\" class=\"attachment-thumbnail size-thumbnail\" alt=\"\" aria-describedby=\"gallery-1-145\" \/><\/a>\n\t\t\t<\/div>\n\t\t\t\t<figcaption class='wp-caption-text gallery-caption' id='gallery-1-145'>\n\t\t\t\tHabiterre\n\t\t\t\t<\/figcaption><\/figure><figure class='gallery-item'>\n\t\t\t<div class='gallery-icon landscape'>\n\t\t\t\t<a href='https:\/\/blogs.gresille.org\/auclairduquartier\/un-week-end-hg-a-habiterre\/dscn2714\/'><img loading=\"lazy\" decoding=\"async\" width=\"150\" height=\"150\" src=\"https:\/\/blogs.gresille.org\/auclairduquartier\/wp-content\/uploads\/sites\/3\/2015\/08\/DSCN2714-150x150.jpg\" class=\"attachment-thumbnail size-thumbnail\" alt=\"\" aria-describedby=\"gallery-1-135\" \/><\/a>\n\t\t\t<\/div>\n\t\t\t\t<figcaption class='wp-caption-text gallery-caption' id='gallery-1-135'>\n\t\t\t\tLa terrasse devant la maison commune\n\t\t\t\t<\/figcaption><\/figure><figure class='gallery-item'>\n\t\t\t<div class='gallery-icon landscape'>\n\t\t\t\t<a href='https:\/\/blogs.gresille.org\/auclairduquartier\/un-week-end-hg-a-habiterre\/dscn2704\/'><img loading=\"lazy\" decoding=\"async\" width=\"150\" height=\"150\" src=\"https:\/\/blogs.gresille.org\/auclairduquartier\/wp-content\/uploads\/sites\/3\/2015\/08\/DSCN2704-150x150.jpg\" class=\"attachment-thumbnail size-thumbnail\" alt=\"\" aria-describedby=\"gallery-1-129\" \/><\/a>\n\t\t\t<\/div>\n\t\t\t\t<figcaption class='wp-caption-text gallery-caption' id='gallery-1-129'>\n\t\t\t\tTabl\u00e9e de jeunes affam\u00e9s\n\t\t\t\t<\/figcaption><\/figure>\n\t\t<\/div>\n\n","protected":false},"excerpt":{"rendered":"<p>Pour ce premier week-end des vacances d&rsquo;\u00e9t\u00e9 nous\u00a0nous retrouvons \u00e0 Habiterre, \u00a0habitat group\u00e9 de r\u00e9f\u00e9rence dans le Diois (Habiterre). La chaleur est au rendez-vous mais nous appr\u00e9cions les locaux, le site magnifique et l&rsquo;accueil chaleureux. La salle collective (r\u00e9guli\u00e8rement\u00a0mise \u00e0 disposition \u00e0\u00a0des personnes ext\u00e9rieures) est immense et\u00a0s\u00e9duit petits et grands. Sans parler du paysage, de &hellip; <a href=\"https:\/\/blogs.gresille.org\/auclairduquartier\/un-week-end-hg-a-habiterre\/\" class=\"more-link\">Continuer la lecture de <span class=\"screen-reader-text\">Pour patienter, un week-end \u00e0 Habiterre&#8230;<\/span>  <span class=\"meta-nav\">&rarr;<\/span><\/a><\/p>\n","protected":false},"author":3,"featured_media":0,"comment_status":"open","ping_status":"open","sticky":false,"template":"","format":"standard","meta":{"footnotes":""},"categories":[2],"tags":[11,10,12,9],"class_list":["post-125","post","type-post","status-publish","format-standard","hentry","category-les-nouvelles-du-projet","tag-detente","tag-reunion","tag-vie-de-groupe","tag-week-end"],"_links":{"self":[{"href":"https:\/\/blogs.gresille.org\/auclairduquartier\/wp-json\/wp\/v2\/posts\/125","targetHints":{"allow":["GET"]}}],"collection":[{"href":"https:\/\/blogs.gresille.org\/auclairduquartier\/wp-json\/wp\/v2\/posts"}],"about":[{"href":"https:\/\/blogs.gresille.org\/auclairduquartier\/wp-json\/wp\/v2\/types\/post"}],"author":[{"embeddable":true,"href":"https:\/\/blogs.gresille.org\/auclairduquartier\/wp-json\/wp\/v2\/users\/3"}],"replies":[{"embeddable":true,"href":"https:\/\/blogs.gresille.org\/auclairduquartier\/wp-json\/wp\/v2\/comments?post=125"}],"version-history":[{"count":14,"href":"https:\/\/blogs.gresille.org\/auclairduquartier\/wp-json\/wp\/v2\/posts\/125\/revisions"}],"predecessor-version":[{"id":319,"href":"https:\/\/blogs.gresille.org\/auclairduquartier\/wp-json\/wp\/v2\/posts\/125\/revisions\/319"}],"wp:attachment":[{"href":"https:\/\/blogs.gresille.org\/auclairduquartier\/wp-json\/wp\/v2\/media?parent=125"}],"wp:term":[{"taxonomy":"category","embeddable":true,"href":"https:\/\/blogs.gresille.org\/auclairduquartier\/wp-json\/wp\/v2\/categories?post=125"},{"taxonomy":"post_tag","embeddable":true,"href":"https:\/\/blogs.gresille.org\/auclairduquartier\/wp-json\/wp\/v2\/tags?post=125"}],"curies":[{"name":"wp","href":"https:\/\/api.w.org\/{rel}","templated":true}]}}