{"id":1106,"date":"2017-03-13T20:02:06","date_gmt":"2017-03-13T20:02:06","guid":{"rendered":"https:\/\/blogs.gresille.org\/auclairduquartier\/?p=1106"},"modified":"2017-10-10T21:23:31","modified_gmt":"2017-10-10T21:23:31","slug":"primes","status":"publish","type":"post","link":"https:\/\/blogs.gresille.org\/auclairduquartier\/primes\/","title":{"rendered":"PRIM\u00c9S !"},"content":{"rendered":"<p>La M\u00e9tro et la Ville de Grenoble ont remis leurs prix de l&rsquo;Habitat Durable, \u00e9v\u00e9nement organis\u00e9 dans le cadre de la \u00ab\u00a0Biennale des Villes en Transition\u00a0\u00bb (parrain\u00e9e par Nicolas Hulot et Laurence Tubiana).<\/p>\n<p>La remise des prix de cette cinqui\u00e8me \u00e9dition a eu lieu le 9 mars 2017 durant la soir\u00e9e organis\u00e9e au Mus\u00e9e de Grenoble.<\/p>\n<p>Suite au d\u00e9p\u00f4t de dossier de candidature par notre architecte,\u00a0 Florian Golay, nous avons eu le plaisir et la satisfaction d&rsquo;\u00eatre laur\u00e9ats de\u00a0la cat\u00e9gorie \u00ab\u00a0Habitat interm\u00e9diaire\u00a0\u00bb.<\/p>\n<p><a href=\"https:\/\/blogs.gresille.org\/auclairduquartier\/wp-content\/uploads\/sites\/3\/2017\/03\/Biennale.jpg\" rel=\"attachment wp-att-1108\"><img loading=\"lazy\" decoding=\"async\" class=\"alignnone wp-image-1108 size-full\" src=\"https:\/\/blogs.gresille.org\/auclairduquartier\/wp-content\/uploads\/sites\/3\/2017\/03\/Biennale.jpg\" alt=\"\" width=\"1200\" height=\"250\" srcset=\"https:\/\/blogs.gresille.org\/auclairduquartier\/wp-content\/uploads\/sites\/3\/2017\/03\/Biennale.jpg 1200w, https:\/\/blogs.gresille.org\/auclairduquartier\/wp-content\/uploads\/sites\/3\/2017\/03\/Biennale-300x63.jpg 300w, https:\/\/blogs.gresille.org\/auclairduquartier\/wp-content\/uploads\/sites\/3\/2017\/03\/Biennale-768x160.jpg 768w, https:\/\/blogs.gresille.org\/auclairduquartier\/wp-content\/uploads\/sites\/3\/2017\/03\/Biennale-1024x213.jpg 1024w, https:\/\/blogs.gresille.org\/auclairduquartier\/wp-content\/uploads\/sites\/3\/2017\/03\/Biennale-600x125.jpg 600w\" sizes=\"auto, (max-width: 1200px) 100vw, 1200px\" \/><\/a><\/p>\n<p>Le jury a salu\u00e9 la d\u00e9marche ainsi que la grande pr\u00e9occupation environnementale de notre\u00a0 projet, tant \u00e0 travers les mat\u00e9riaux utilis\u00e9s (bois local) que gr\u00e2ce \u00e0 sa performance \u00e9nerg\u00e9tique, \u00e0 l\u2019utilisation du bois pour le chauffage (chaudi\u00e8re collective \u00e0 granules) et \u00e0 l\u2019utilisation de toilettes s\u00e8ches (qui au del\u00e0 de la\u00a0limitation de la consommation d&rsquo;eau permettent surtout de maintenir le phosphore de la biosph\u00e8re et de pr\u00e9server les \u00e9cosyst\u00e8mes aquatiques).<\/p>\n<p>Merci au jury, \u00a0bravo \u00e0 toute la ma\u00eetrise d\u2019\u0153uvre -Florian Golay en t\u00eate-, \u00e0 toutes les entreprises qui ont contribu\u00e9 \u00e0 ce prix par leur travail et \u00e0 nos voisins pour l&rsquo;enthousiasme avec lequel ils ont accueilli notre projet !<\/p>\n<p><a href=\"https:\/\/blogs.gresille.org\/auclairduquartier\/wp-content\/uploads\/sites\/3\/2017\/03\/20170309_202807.jpg\" rel=\"attachment wp-att-1110\"><img loading=\"lazy\" decoding=\"async\" class=\"alignnone size-medium wp-image-1110\" src=\"https:\/\/blogs.gresille.org\/auclairduquartier\/wp-content\/uploads\/sites\/3\/2017\/03\/20170309_202807-169x300.jpg\" alt=\"20170309_202807\" width=\"169\" height=\"300\" srcset=\"https:\/\/blogs.gresille.org\/auclairduquartier\/wp-content\/uploads\/sites\/3\/2017\/03\/20170309_202807-169x300.jpg 169w, https:\/\/blogs.gresille.org\/auclairduquartier\/wp-content\/uploads\/sites\/3\/2017\/03\/20170309_202807-768x1365.jpg 768w, https:\/\/blogs.gresille.org\/auclairduquartier\/wp-content\/uploads\/sites\/3\/2017\/03\/20170309_202807-576x1024.jpg 576w, https:\/\/blogs.gresille.org\/auclairduquartier\/wp-content\/uploads\/sites\/3\/2017\/03\/20170309_202807-600x1067.jpg 600w\" sizes=\"auto, (max-width: 169px) 100vw, 169px\" \/><\/a><\/p>\n<p>Et bravo \u00e0 nous quand m\u00eame, sacr\u00e9e bande de ma\u00eetres d&rsquo;ouvrage !!!<\/p>\n<p><a href=\"https:\/\/blogs.gresille.org\/auclairduquartier\/wp-content\/uploads\/sites\/3\/2017\/03\/20170309_202502.jpg\" rel=\"attachment wp-att-1109\"><img loading=\"lazy\" decoding=\"async\" class=\"size-medium wp-image-1109\" src=\"https:\/\/blogs.gresille.org\/auclairduquartier\/wp-content\/uploads\/sites\/3\/2017\/03\/20170309_202502-169x300.jpg\" alt=\"?\" width=\"169\" height=\"300\" srcset=\"https:\/\/blogs.gresille.org\/auclairduquartier\/wp-content\/uploads\/sites\/3\/2017\/03\/20170309_202502-169x300.jpg 169w, https:\/\/blogs.gresille.org\/auclairduquartier\/wp-content\/uploads\/sites\/3\/2017\/03\/20170309_202502.jpg 252w\" sizes=\"auto, (max-width: 169px) 100vw, 169px\" \/><\/a><\/p>\n<p>Plus d&rsquo;infos sur les liens suivants :<\/p>\n<p><a href=\"http:\/\/www.placegrenet.fr\/2017\/03\/12\/grenoble-devoile-cinq-laureats-de-prix-de-lhabitat-durable\/127019\" target=\"_blank\" rel=\"noopener noreferrer\">http:\/\/www.placegrenet.fr\/2017\/03\/12\/grenoble-devoile-cinq-laureats-de-prix-de-lhabitat-durable\/127019<\/a><\/p>\n<p><a href=\"http:\/\/villesentransition.grenoble.fr\/palmares-2017-du-prix-de-lhabitat-durable\/\" target=\"_blank\" rel=\"noopener noreferrer\">http:\/\/villesentransition.grenoble.fr\/palmares-2017-du-prix-de-lhabitat-durable\/<\/a><\/p>\n<p>&nbsp;<\/p>\n","protected":false},"excerpt":{"rendered":"<p>La M\u00e9tro et la Ville de Grenoble ont remis leurs prix de l&rsquo;Habitat Durable, \u00e9v\u00e9nement organis\u00e9 dans le cadre de la \u00ab\u00a0Biennale des Villes en Transition\u00a0\u00bb (parrain\u00e9e par Nicolas Hulot et Laurence Tubiana). La remise des prix de cette cinqui\u00e8me \u00e9dition a eu lieu le 9 mars 2017 durant la soir\u00e9e organis\u00e9e au Mus\u00e9e de &hellip; <a href=\"https:\/\/blogs.gresille.org\/auclairduquartier\/primes\/\" class=\"more-link\">Continuer la lecture de <span class=\"screen-reader-text\">PRIM\u00c9S !<\/span>  <span class=\"meta-nav\">&rarr;<\/span><\/a><\/p>\n","protected":false},"author":3,"featured_media":1115,"comment_status":"open","ping_status":"open","sticky":false,"template":"","format":"standard","meta":{"footnotes":""},"categories":[2],"tags":[143,157,156,155],"class_list":["post-1106","post","type-post","status-publish","format-standard","has-post-thumbnail","hentry","category-les-nouvelles-du-projet","tag-143","tag-environnement","tag-habitat-durable","tag-prix"],"_links":{"self":[{"href":"https:\/\/blogs.gresille.org\/auclairduquartier\/wp-json\/wp\/v2\/posts\/1106","targetHints":{"allow":["GET"]}}],"collection":[{"href":"https:\/\/blogs.gresille.org\/auclairduquartier\/wp-json\/wp\/v2\/posts"}],"about":[{"href":"https:\/\/blogs.gresille.org\/auclairduquartier\/wp-json\/wp\/v2\/types\/post"}],"author":[{"embeddable":true,"href":"https:\/\/blogs.gresille.org\/auclairduquartier\/wp-json\/wp\/v2\/users\/3"}],"replies":[{"embeddable":true,"href":"https:\/\/blogs.gresille.org\/auclairduquartier\/wp-json\/wp\/v2\/comments?post=1106"}],"version-history":[{"count":10,"href":"https:\/\/blogs.gresille.org\/auclairduquartier\/wp-json\/wp\/v2\/posts\/1106\/revisions"}],"predecessor-version":[{"id":1254,"href":"https:\/\/blogs.gresille.org\/auclairduquartier\/wp-json\/wp\/v2\/posts\/1106\/revisions\/1254"}],"wp:featuredmedia":[{"embeddable":true,"href":"https:\/\/blogs.gresille.org\/auclairduquartier\/wp-json\/wp\/v2\/media\/1115"}],"wp:attachment":[{"href":"https:\/\/blogs.gresille.org\/auclairduquartier\/wp-json\/wp\/v2\/media?parent=1106"}],"wp:term":[{"taxonomy":"category","embeddable":true,"href":"https:\/\/blogs.gresille.org\/auclairduquartier\/wp-json\/wp\/v2\/categories?post=1106"},{"taxonomy":"post_tag","embeddable":true,"href":"https:\/\/blogs.gresille.org\/auclairduquartier\/wp-json\/wp\/v2\/tags?post=1106"}],"curies":[{"name":"wp","href":"https:\/\/api.w.org\/{rel}","templated":true}]}}