{"id":1049,"date":"2017-01-16T14:15:35","date_gmt":"2017-01-16T14:15:35","guid":{"rendered":"https:\/\/blogs.gresille.org\/auclairduquartier\/?p=1049"},"modified":"2017-02-14T14:26:34","modified_gmt":"2017-02-14T14:26:34","slug":"le-compostoclair","status":"publish","type":"post","link":"https:\/\/blogs.gresille.org\/auclairduquartier\/le-compostoclair\/","title":{"rendered":"Le \u00ab\u00a0compostoclair\u00a0\u00bb&#8230;"},"content":{"rendered":"<div><a href=\"https:\/\/blogs.gresille.org\/auclairduquartier\/wp-content\/uploads\/sites\/3\/2017\/01\/P_20170115_153754.jpg\" rel=\"attachment wp-att-1053\"><img loading=\"lazy\" decoding=\"async\" class=\"alignnone size-medium wp-image-1053\" src=\"https:\/\/blogs.gresille.org\/auclairduquartier\/wp-content\/uploads\/sites\/3\/2017\/01\/P_20170115_153754-169x300.jpg\" alt=\"P_20170115_153754\" width=\"169\" height=\"300\" srcset=\"https:\/\/blogs.gresille.org\/auclairduquartier\/wp-content\/uploads\/sites\/3\/2017\/01\/P_20170115_153754-169x300.jpg 169w, https:\/\/blogs.gresille.org\/auclairduquartier\/wp-content\/uploads\/sites\/3\/2017\/01\/P_20170115_153754.jpg 576w\" sizes=\"auto, (max-width: 169px) 100vw, 169px\" \/><\/a><\/div>\n<div>En pleine r\u00e9flexion pour la conception des bacs \u00e0 compost, nous avons voulu fabriquer un premier mod\u00e8le \u00ab\u00a0artisanal\u00a0\u00bb enti\u00e8rement r\u00e9alis\u00e9\u00a0\u00e0 base d&rsquo;\u00e9l\u00e9ments de r\u00e9cup\u00e9ration. Il pourra accueillir nos d\u00e9chets verts en attendant de savoir comment concevoir l&rsquo;autre composteur, rapport \u00e0\u00a0nos toilettes s\u00e8ches ! \ud83d\ude42<\/div>\n<div><a href=\"https:\/\/blogs.gresille.org\/auclairduquartier\/wp-content\/uploads\/sites\/3\/2017\/01\/P_20170115_153711.jpg\" rel=\"attachment wp-att-1052\"><img loading=\"lazy\" decoding=\"async\" class=\"alignnone size-medium wp-image-1052\" src=\"https:\/\/blogs.gresille.org\/auclairduquartier\/wp-content\/uploads\/sites\/3\/2017\/01\/P_20170115_153711-169x300.jpg\" alt=\"P_20170115_153711\" width=\"169\" height=\"300\" srcset=\"https:\/\/blogs.gresille.org\/auclairduquartier\/wp-content\/uploads\/sites\/3\/2017\/01\/P_20170115_153711-169x300.jpg 169w, https:\/\/blogs.gresille.org\/auclairduquartier\/wp-content\/uploads\/sites\/3\/2017\/01\/P_20170115_153711.jpg 576w\" sizes=\"auto, (max-width: 169px) 100vw, 169px\" \/><\/a><a href=\"https:\/\/blogs.gresille.org\/auclairduquartier\/wp-content\/uploads\/sites\/3\/2017\/01\/P_20170116_140808.jpg\" rel=\"attachment wp-att-1050\"><img loading=\"lazy\" decoding=\"async\" class=\"alignnone size-medium wp-image-1050\" src=\"https:\/\/blogs.gresille.org\/auclairduquartier\/wp-content\/uploads\/sites\/3\/2017\/01\/P_20170116_140808-169x300.jpg\" alt=\"P_20170116_140808\" width=\"169\" height=\"300\" srcset=\"https:\/\/blogs.gresille.org\/auclairduquartier\/wp-content\/uploads\/sites\/3\/2017\/01\/P_20170116_140808-169x300.jpg 169w, https:\/\/blogs.gresille.org\/auclairduquartier\/wp-content\/uploads\/sites\/3\/2017\/01\/P_20170116_140808.jpg 576w\" sizes=\"auto, (max-width: 169px) 100vw, 169px\" \/><\/a><\/div>\n<div id=\"yui_3_16_0_ym19_1_1484572880031_5414\">Cela\u00a0nous a bien occup\u00e9 ce week-end, \u00a0histoire de nous faire patienter encore un peu avant de passer aux choses s\u00e9rieuses et notamment les peintures int\u00e9rieures de nos appartements !<\/div>\n<div>En effet\u00a0ce week-end nous allons envahir le chantier pour peindre, enduire les murs\/plafonds et traiter les menuiseries. Enfin, pour les appartements qui seront pr\u00eats car le planning est serr\u00e9 et le plaquiste n&rsquo;a pas encore commenc\u00e9 le dernier appartement&#8230;<\/div>\n<div><\/div>\n<div><\/div>\n<div><a href=\"https:\/\/blogs.gresille.org\/auclairduquartier\/wp-content\/uploads\/sites\/3\/2017\/01\/143.jpg\" rel=\"attachment wp-att-1056\"><img loading=\"lazy\" decoding=\"async\" class=\"alignnone size-medium wp-image-1056\" src=\"https:\/\/blogs.gresille.org\/auclairduquartier\/wp-content\/uploads\/sites\/3\/2017\/01\/143-300x169.jpg\" alt=\"143\" width=\"300\" height=\"169\" srcset=\"https:\/\/blogs.gresille.org\/auclairduquartier\/wp-content\/uploads\/sites\/3\/2017\/01\/143-300x169.jpg 300w, https:\/\/blogs.gresille.org\/auclairduquartier\/wp-content\/uploads\/sites\/3\/2017\/01\/143-768x432.jpg 768w, https:\/\/blogs.gresille.org\/auclairduquartier\/wp-content\/uploads\/sites\/3\/2017\/01\/143.jpg 1024w, https:\/\/blogs.gresille.org\/auclairduquartier\/wp-content\/uploads\/sites\/3\/2017\/01\/143-600x338.jpg 600w\" sizes=\"auto, (max-width: 300px) 100vw, 300px\" \/><\/a><\/div>\n<div>Voil\u00e0 aussi quelques images de l&rsquo;appartement du R+2. \u00c7a prend s\u00e9rieusement forme. Le chantier doit \u00eatre livr\u00e9 d&rsquo;ici un mois&#8230; Tic tac, tic tac&#8230; le compte \u00e0 rebours \u00e0 commenc\u00e9 !!!<\/div>\n<div>\u00a0<a href=\"https:\/\/blogs.gresille.org\/auclairduquartier\/wp-content\/uploads\/sites\/3\/2017\/01\/143.jpg\" rel=\"attachment wp-att-1056\"><img loading=\"lazy\" decoding=\"async\" class=\"alignnone size-medium wp-image-1056\" src=\"https:\/\/blogs.gresille.org\/auclairduquartier\/wp-content\/uploads\/sites\/3\/2017\/01\/143-300x169.jpg\" alt=\"143\" width=\"300\" height=\"169\" srcset=\"https:\/\/blogs.gresille.org\/auclairduquartier\/wp-content\/uploads\/sites\/3\/2017\/01\/143-300x169.jpg 300w, https:\/\/blogs.gresille.org\/auclairduquartier\/wp-content\/uploads\/sites\/3\/2017\/01\/143-768x432.jpg 768w, https:\/\/blogs.gresille.org\/auclairduquartier\/wp-content\/uploads\/sites\/3\/2017\/01\/143.jpg 1024w, https:\/\/blogs.gresille.org\/auclairduquartier\/wp-content\/uploads\/sites\/3\/2017\/01\/143-600x338.jpg 600w\" sizes=\"auto, (max-width: 300px) 100vw, 300px\" \/><\/a><\/div>\n<div><\/div>\n<div id=\"yui_3_16_0_ym19_1_1484572880031_5415\">Nous sommes de plus en plus occup\u00e9s par des questions concr\u00e8tes et mat\u00e9rielles : combien de machines \u00e0 laver disponibles pour la buanderie?\u00a0 Quelles voitures \u00e0 partager? Quelle couleur pour les portes pali\u00e8res ? Etc. Bref, encore de quoi nous occuper mais<\/div>\n<div id=\"yui_3_16_0_ym19_1_1484572880031_5416\">nous commen\u00e7ons enfin \u00e0 en voir le bout, ouf !<\/div>\n","protected":false},"excerpt":{"rendered":"<p>En pleine r\u00e9flexion pour la conception des bacs \u00e0 compost, nous avons voulu fabriquer un premier mod\u00e8le \u00ab\u00a0artisanal\u00a0\u00bb enti\u00e8rement r\u00e9alis\u00e9\u00a0\u00e0 base d&rsquo;\u00e9l\u00e9ments de r\u00e9cup\u00e9ration. Il pourra accueillir nos d\u00e9chets verts en attendant de savoir comment concevoir l&rsquo;autre composteur, rapport \u00e0\u00a0nos toilettes s\u00e8ches ! \ud83d\ude42 Cela\u00a0nous a bien occup\u00e9 ce week-end, \u00a0histoire de nous faire patienter &hellip; <a href=\"https:\/\/blogs.gresille.org\/auclairduquartier\/le-compostoclair\/\" class=\"more-link\">Continuer la lecture de <span class=\"screen-reader-text\">Le \u00ab\u00a0compostoclair\u00a0\u00bb&#8230;<\/span>  <span class=\"meta-nav\">&rarr;<\/span><\/a><\/p>\n","protected":false},"author":3,"featured_media":1051,"comment_status":"open","ping_status":"open","sticky":false,"template":"","format":"standard","meta":{"footnotes":""},"categories":[28,4,2],"tags":[144,145,146],"class_list":["post-1049","post","type-post","status-publish","format-standard","has-post-thumbnail","hentry","category-chantier","category-chrono-projet","category-les-nouvelles-du-projet","tag-compost","tag-palette","tag-toilette-seche"],"_links":{"self":[{"href":"https:\/\/blogs.gresille.org\/auclairduquartier\/wp-json\/wp\/v2\/posts\/1049","targetHints":{"allow":["GET"]}}],"collection":[{"href":"https:\/\/blogs.gresille.org\/auclairduquartier\/wp-json\/wp\/v2\/posts"}],"about":[{"href":"https:\/\/blogs.gresille.org\/auclairduquartier\/wp-json\/wp\/v2\/types\/post"}],"author":[{"embeddable":true,"href":"https:\/\/blogs.gresille.org\/auclairduquartier\/wp-json\/wp\/v2\/users\/3"}],"replies":[{"embeddable":true,"href":"https:\/\/blogs.gresille.org\/auclairduquartier\/wp-json\/wp\/v2\/comments?post=1049"}],"version-history":[{"count":6,"href":"https:\/\/blogs.gresille.org\/auclairduquartier\/wp-json\/wp\/v2\/posts\/1049\/revisions"}],"predecessor-version":[{"id":1062,"href":"https:\/\/blogs.gresille.org\/auclairduquartier\/wp-json\/wp\/v2\/posts\/1049\/revisions\/1062"}],"wp:featuredmedia":[{"embeddable":true,"href":"https:\/\/blogs.gresille.org\/auclairduquartier\/wp-json\/wp\/v2\/media\/1051"}],"wp:attachment":[{"href":"https:\/\/blogs.gresille.org\/auclairduquartier\/wp-json\/wp\/v2\/media?parent=1049"}],"wp:term":[{"taxonomy":"category","embeddable":true,"href":"https:\/\/blogs.gresille.org\/auclairduquartier\/wp-json\/wp\/v2\/categories?post=1049"},{"taxonomy":"post_tag","embeddable":true,"href":"https:\/\/blogs.gresille.org\/auclairduquartier\/wp-json\/wp\/v2\/tags?post=1049"}],"curies":[{"name":"wp","href":"https:\/\/api.w.org\/{rel}","templated":true}]}}